{"id":281918,"date":"2026-08-29T11:17:11","date_gmt":"2026-08-29T11:17:11","guid":{"rendered":"https:\/\/www.europesays.com\/ch-fr\/281918\/"},"modified":"2026-08-29T11:17:11","modified_gmt":"2026-08-29T11:17:11","slug":"aviron-claire-ghiringhelli-remporte-le-bronze-aux-mondiaux","status":"publish","type":"post","link":"https:\/\/www.europesays.com\/ch-fr\/281918\/","title":{"rendered":"Aviron : Claire Ghiringhelli remporte le bronze aux Mondiaux"},"content":{"rendered":"<p>Un peu plus d&rsquo;un mois apr\u00e8s avoir d\u00e9croch\u00e9 la m\u00e9daille de bronze aux Championnats d&rsquo;Europe, Claire Ghiringhelli a remport\u00e9 \u00e9galement une m\u00e9daille aux Championnats du monde. En skiff handisport, la Suissesse se classe \u00e0 nouveau 3e.<\/p>\n<p>La Tessinoise s&rsquo;est class\u00e9e en finale derri\u00e8re l&rsquo;Ukrainienne Anna Sheremet, qui s&rsquo;est une nouvelle fois montr\u00e9e souveraine, et la Belge Laurence Vandevyver. Pour Claire Ghiringhelli, \u00e2g\u00e9e de 48 ans, qui avait d\u00e9croch\u00e9 un dipl\u00f4me olympique en 2024, il s&rsquo;agit de sa premi\u00e8re m\u00e9daille aux Championnats du monde, apr\u00e8s ses deux m\u00e9dailles de bronze remport\u00e9es aux Championnats d&rsquo;Europe de l&rsquo;ann\u00e9e derni\u00e8re et de cette ann\u00e9e.<\/p>\n<p>Pour la Suisse, il s\u2019agit de la deuxi\u00e8me m\u00e9daille remport\u00e9e aux Championnats du monde d\u2019Amsterdam, apr\u00e8s le bronze d\u00e9croch\u00e9 vendredi par Salome Ulrich et Fabienne Schweizer.<\/p>\n<p class=\"sources\">sda\/alt<\/p>\n","protected":false},"excerpt":{"rendered":"Un peu plus d&rsquo;un mois apr\u00e8s avoir d\u00e9croch\u00e9 la m\u00e9daille de bronze aux Championnats d&rsquo;Europe, Claire Ghiringhelli a&hellip;\n","protected":false},"author":2,"featured_media":281919,"comment_status":"","ping_status":"","sticky":false,"template":"","format":"standard","meta":{"footnotes":"","_share_on_mastodon":"0"},"categories":[8],"tags":[76,15897,6739,12350,1625,186,75,23,469],"class_list":["post-281918","post","type-post","status-publish","format-standard","has-post-thumbnail","category-sports","tag-autres-sports","tag-aviron","tag-championnat-du-monde","tag-championnats-deurope","tag-prix-et-recompenses","tag-sport","tag-sports","tag-suisse","tag-suisses"],"share_on_mastodon":{"url":"https:\/\/pubeurope.com\/@ch_fr\/117178521562724655","error":""},"_links":{"self":[{"href":"https:\/\/www.europesays.com\/ch-fr\/wp-json\/wp\/v2\/posts\/281918","targetHints":{"allow":["GET"]}}],"collection":[{"href":"https:\/\/www.europesays.com\/ch-fr\/wp-json\/wp\/v2\/posts"}],"about":[{"href":"https:\/\/www.europesays.com\/ch-fr\/wp-json\/wp\/v2\/types\/post"}],"author":[{"embeddable":true,"href":"https:\/\/www.europesays.com\/ch-fr\/wp-json\/wp\/v2\/users\/2"}],"replies":[{"embeddable":true,"href":"https:\/\/www.europesays.com\/ch-fr\/wp-json\/wp\/v2\/comments?post=281918"}],"version-history":[{"count":0,"href":"https:\/\/www.europesays.com\/ch-fr\/wp-json\/wp\/v2\/posts\/281918\/revisions"}],"wp:featuredmedia":[{"embeddable":true,"href":"https:\/\/www.europesays.com\/ch-fr\/wp-json\/wp\/v2\/media\/281919"}],"wp:attachment":[{"href":"https:\/\/www.europesays.com\/ch-fr\/wp-json\/wp\/v2\/media?parent=281918"}],"wp:term":[{"taxonomy":"category","embeddable":true,"href":"https:\/\/www.europesays.com\/ch-fr\/wp-json\/wp\/v2\/categories?post=281918"},{"taxonomy":"post_tag","embeddable":true,"href":"https:\/\/www.europesays.com\/ch-fr\/wp-json\/wp\/v2\/tags?post=281918"}],"curies":[{"name":"wp","href":"https:\/\/api.w.org\/{rel}","templated":true}]}}