{"id":282016,"date":"2026-08-29T12:52:08","date_gmt":"2026-08-29T12:52:08","guid":{"rendered":"https:\/\/www.europesays.com\/ch-fr\/282016\/"},"modified":"2026-08-29T12:52:08","modified_gmt":"2026-08-29T12:52:08","slug":"judo-lausanne-accueille-pour-la-premiere-fois-une-etape-du-circuit-du-grand-chelem-rts-ch","status":"publish","type":"post","link":"https:\/\/www.europesays.com\/ch-fr\/282016\/","title":{"rendered":"Judo: Lausanne accueille pour la premi\u00e8re fois une \u00e9tape du circuit du Grand Chelem &#8211; rts.ch"},"content":{"rendered":"<p><a href=\"https:\/\/news.google.com\/rss\/articles\/CBMi1wFBVV95cUxOcVB6TERGanlNYVVIWlJ1RkgteF9iV3VOUms3LXd2aEg2MlFZLUpROC1SMjlRVXhHR3VxaG9UeVA2RjFXOE53aTcxY2VOSm5pT0twdHhuWEJWYnJNU2pva29NakxVdGpsc3ZlaXdCV2RZbllSVjBjSl9zVURDaVI5cVhqcmZ2anhzTjA3RGZqUEhLZXlxYVAtVUUtRlhYVGxUay0wTldmd1I1UjBrcFBjM1RqM191eFpKWXpock5xYTdoSDRWNlFjNmEyQ2c2aDNDTmhBeFl6WQ?oc=5\" target=\"_blank\" rel=\"nofollow noopener\">Judo: Lausanne accueille pour la premi\u00e8re fois une \u00e9tape du circuit du Grand Chelem<\/a>&nbsp;&nbsp;rts.ch<a href=\"https:\/\/news.google.com\/rss\/articles\/CBMirwFBVV95cUxQU3c0WDQ3OUlURVRMUGFtYU1VVGk3RnZyY3pVTlJ3X1R1SzJNM1N3V1dGTTdtcFFDTkFEa2VVN2lkMVNFelpkXzRxZjJsd19TR1pYcE5tTVRSMHZZT0dlQ3pic1B3ZTZPWEhxcGhUVURQd0RIWnBxMG16QnBHQ0RQU3NzSWNzZnVxS1l2RjJpZ051TXpCMXpUZlJIamhjZGJHbTZYZzduU21DZUJlZGNn?oc=5\" target=\"_blank\" rel=\"nofollow noopener\">Clarisse Agb\u00e9gn\u00e9nou en demi-finales du Grand Chelem de Lausanne<\/a>&nbsp;&nbsp;L&rsquo;\u00c9quipe<a href=\"https:\/\/news.google.com\/rss\/articles\/CBMi9wFBVV95cUxQay1YeVBHU2RHUUNsdjgyLTFoS1l2YlBJMGk0RU42ZlpzSG9OYk82LWIwbHlyVGcycVhkYmF3Sl9rZ05ETHRscm1zc2NlN2xLS3BueDRXQ3Jia1dtRVk5d1hSRDI5VzZYMkx6OEh3UF91V2M3akVsdlVhbVhkalFLcmhtVXROeE44TnZkREQxbm1pdEJOZkNYOHg4cXlPdTJKemJRbDZabWhlRnh3NWxfaUNhbUVWZGN0ZDZCR0hqYy05MXJON2NZeWk2dlBWV1VEUHZPQW1CRC1YbjVSdDhCLXRiN3VJQUJ3VDJ0RmJXYTFiT0tSTkY4?oc=5\" target=\"_blank\" rel=\"nofollow noopener\">Judo : avant le retour d\u2019Agb\u00e9gn\u00e9nou, les Fran\u00e7aises Pont et Cysique d\u00e9crochent l\u2019argent \u00e0 Lausanne<\/a>&nbsp;&nbsp;Le Figaro<a href=\"https:\/\/news.google.com\/rss\/articles\/CBMimgJBVV95cUxNSW1lOXIxc2RWVEpTRXQyODk5R1BJX001MlBsWVk0bHBfVEVQQzJqV2tGblBfWVlPRzJYc0tDYnVGbk9VNjRKRGUydHM3THlwbmNIZVprWGpJU1A1cDhnR3lPTHRMUUFVQWcwRmdjb2pLLXdYaWxGd2tYUzA4V0pSdFllVlBxOEgxU2I5TzZKQnpfOG93VDlNOVpIRWsyMUhTNGwwZmFuMzZUbTZlSW9jQlluWWNWZjQ0cDhldkk1a25TWHo1ODNkanI1MWFqU0dfRVRtQlhScnFXeTJmQ21FZFRQaS1wTklrbmRLQjdHZE9kT1RuWV9KQzFybmdJZUd5Q0JEMlhmY0ctY01CRE5NVE43dkxablRnOGc?oc=5\" target=\"_blank\" rel=\"nofollow noopener\">Agbegnenou, une maman pr\u00eate \u00e0 de nouveau marquer le coup<\/a>&nbsp;&nbsp;Eurosport<a href=\"https:\/\/news.google.com\/rss\/articles\/CBMipgFBVV95cUxOMUs0UDMtQTRxWnd6ei1CQUVmSDJfQmF2em02WHpaZmdnanB2VGVkOEFubU9HaUpSdVI3SHNMOFhlZExkV29nalB0RkF2alY0N0N5WURKUE9DNEhVVHExZ2hZUkJrSVoydEZ1VUU1d29vdkdJeGEyMXdoT2VBWFlMX1llWGl6Q291VERXRVZaYmlfRzIzS2JCOWRzOWc5VEEySGYxaUpn?oc=5\" target=\"_blank\" rel=\"nofollow noopener\">Sarah-L\u00e9onie Cysique se contente de l\u2019argent en Suisse<\/a>&nbsp;&nbsp;L&rsquo;Union<\/p>\n","protected":false},"excerpt":{"rendered":"Judo: Lausanne accueille pour la premi\u00e8re fois une \u00e9tape du circuit du Grand Chelem&nbsp;&nbsp;rts.chClarisse Agb\u00e9gn\u00e9nou en demi-finales du&hellip;\n","protected":false},"author":2,"featured_media":282017,"comment_status":"","ping_status":"","sticky":false,"template":"","format":"standard","meta":{"footnotes":"","_share_on_mastodon":"0"},"categories":[8],"tags":[7797,354,1656,7669,60572,5509,696,10268,849,177,850,851,466,186,75,23,472],"class_list":["post-282016","post","type-post","status-publish","format-standard","has-post-thumbnail","category-sports","tag-arts-martiaux","tag-canton-de-vaud","tag-district-de-lausanne","tag-grand-chelem-de-tennis","tag-grand-slam","tag-handicap","tag-info","tag-judo","tag-la-1ere","tag-lausanne","tag-le-12h30","tag-media-radio","tag-rts-sport","tag-sport","tag-sports","tag-suisse","tag-tournoi"],"share_on_mastodon":{"url":"https:\/\/pubeurope.com\/@ch_fr\/117178895092491236","error":""},"_links":{"self":[{"href":"https:\/\/www.europesays.com\/ch-fr\/wp-json\/wp\/v2\/posts\/282016","targetHints":{"allow":["GET"]}}],"collection":[{"href":"https:\/\/www.europesays.com\/ch-fr\/wp-json\/wp\/v2\/posts"}],"about":[{"href":"https:\/\/www.europesays.com\/ch-fr\/wp-json\/wp\/v2\/types\/post"}],"author":[{"embeddable":true,"href":"https:\/\/www.europesays.com\/ch-fr\/wp-json\/wp\/v2\/users\/2"}],"replies":[{"embeddable":true,"href":"https:\/\/www.europesays.com\/ch-fr\/wp-json\/wp\/v2\/comments?post=282016"}],"version-history":[{"count":0,"href":"https:\/\/www.europesays.com\/ch-fr\/wp-json\/wp\/v2\/posts\/282016\/revisions"}],"wp:featuredmedia":[{"embeddable":true,"href":"https:\/\/www.europesays.com\/ch-fr\/wp-json\/wp\/v2\/media\/282017"}],"wp:attachment":[{"href":"https:\/\/www.europesays.com\/ch-fr\/wp-json\/wp\/v2\/media?parent=282016"}],"wp:term":[{"taxonomy":"category","embeddable":true,"href":"https:\/\/www.europesays.com\/ch-fr\/wp-json\/wp\/v2\/categories?post=282016"},{"taxonomy":"post_tag","embeddable":true,"href":"https:\/\/www.europesays.com\/ch-fr\/wp-json\/wp\/v2\/tags?post=282016"}],"curies":[{"name":"wp","href":"https:\/\/api.w.org\/{rel}","templated":true}]}}