{"id":282048,"date":"2026-08-29T13:28:08","date_gmt":"2026-08-29T13:28:08","guid":{"rendered":"https:\/\/www.europesays.com\/ch-fr\/282048\/"},"modified":"2026-08-29T13:28:08","modified_gmt":"2026-08-29T13:28:08","slug":"mondiaux-vtt-2026-lisa-baumann-decroche-largent-en-descente","status":"publish","type":"post","link":"https:\/\/www.europesays.com\/ch-fr\/282048\/","title":{"rendered":"Mondiaux VTT 2026 : Lisa Baumann d\u00e9croche l&rsquo;argent en descente"},"content":{"rendered":"<p>Lisa Baumann tient sa premi\u00e8re m\u00e9daille dans des Championnats du monde. La Neuch\u00e2teloise de 25 ans s&rsquo;est par\u00e9e d&rsquo;argent en descente dans le Val di Sole. Elle n&rsquo;a \u00e9t\u00e9 battue que par la d\u00e9sormais quintuple tenante du titre, l&rsquo;Autrichienne Valentina H\u00f6ll.<\/p>\n<p>Deux fois 5e lors des deux derni\u00e8res \u00e9ditions des Championnats du monde, Lisa Baumann (25 ans) a sign\u00e9 son plus bel exploit dans la discipline. Elle avait certes d\u00e9croch\u00e9 le titre europ\u00e9en en 2024 \u00e0 Champ\u00e9ry puis \u00e0 La Molina en 2025, mais la concurrence n&rsquo;y \u00e9tait pas autant relev\u00e9e que lors des Mondiaux.<\/p>\n<p>La Neuch\u00e2teloise, jamais victorieuse en Coupe du monde, avait confirm\u00e9 ses ambitions en remportant la qualification vendredi dans le Val di Sole. Mais elle n&rsquo;a rien pu faire samedi face \u00e0 la reine Valentina H\u00f6ll, qui comptait pr\u00e8s de 4\u00a0\u00bb d&rsquo;avance \u00e0 mi-parcours et a devanc\u00e9 sa dauphine de 1\u00a0\u00bb728 au final.<\/p>\n<p>Lisa Baumann a fini tr\u00e8s fort, reprenant plus de 2\u00a0\u00bb \u00e0 Valentina H\u00f6ll sur les deux derni\u00e8res minutes de course. Elle a ainsi pu arracher la 2e place avec une marge de 0\u00a0\u00bb318 sur la Britannique Harriet Harnden, qui comptait encore 0\u00a0\u00bb107 d&rsquo;avance sur la Neuch\u00e2teloise apr\u00e8s 2&rsquo;35 de course.<\/p>\n<p>Sacre suisse chez les juniors <img decoding=\"async\" src=\"https:\/\/www.europesays.com\/ch-fr\/wp-content\/uploads\/2026\/08\/19cb6b9d-29341495.image.jpeg\" alt=\"Raoul Schneeberger s'est par\u00e9 d'or en juniors. [KEYSTONE - MAXIME SCHMID]\" title=\"Raoul Schneeberger s'est par\u00e9 d'or en juniors. [KEYSTONE - MAXIME SCHMID]\" loading=\"lazy\"\/>  Raoul Schneeberger s&rsquo;est par\u00e9 d&rsquo;or en juniors. [KEYSTONE &#8211; MAXIME SCHMID] <\/p>\n<p>A noter aussi le sacre de Raoul Schneeberger chez les juniors. Le Jurassien bernois de 17 ans est le premier Helv\u00e8te \u00e0 d\u00e9crocher un podium mondial en downhill dans cette cat\u00e9gorie depuis&#8230; 1996. En \u00e9lite chez les messieurs, l&rsquo;unique m\u00e9daille mondiale dans la discipline remonte \u00e0 1991.<\/p>\n<p class=\"sources\">ats\/alt<\/p>\n","protected":false},"excerpt":{"rendered":"Lisa Baumann tient sa premi\u00e8re m\u00e9daille dans des Championnats du monde. La Neuch\u00e2teloise de 25 ans s&rsquo;est par\u00e9e&hellip;\n","protected":false},"author":2,"featured_media":282049,"comment_status":"","ping_status":"","sticky":false,"template":"","format":"standard","meta":{"footnotes":"","_share_on_mastodon":"0"},"categories":[8],"tags":[76,1181,1000,6739,1105,43065,186,75,23,59243,60573,30538],"class_list":["post-282048","post","type-post","status-publish","format-standard","has-post-thumbnail","category-sports","tag-autres-sports","tag-autriche","tag-canton-de-neuchatel","tag-championnat-du-monde","tag-cyclisme","tag-lisa-baumann","tag-sport","tag-sports","tag-suisse","tag-val-di-sole","tag-valentina-holl","tag-vtt"],"share_on_mastodon":{"url":"https:\/\/pubeurope.com\/@ch_fr\/117179036987970681","error":""},"_links":{"self":[{"href":"https:\/\/www.europesays.com\/ch-fr\/wp-json\/wp\/v2\/posts\/282048","targetHints":{"allow":["GET"]}}],"collection":[{"href":"https:\/\/www.europesays.com\/ch-fr\/wp-json\/wp\/v2\/posts"}],"about":[{"href":"https:\/\/www.europesays.com\/ch-fr\/wp-json\/wp\/v2\/types\/post"}],"author":[{"embeddable":true,"href":"https:\/\/www.europesays.com\/ch-fr\/wp-json\/wp\/v2\/users\/2"}],"replies":[{"embeddable":true,"href":"https:\/\/www.europesays.com\/ch-fr\/wp-json\/wp\/v2\/comments?post=282048"}],"version-history":[{"count":0,"href":"https:\/\/www.europesays.com\/ch-fr\/wp-json\/wp\/v2\/posts\/282048\/revisions"}],"wp:featuredmedia":[{"embeddable":true,"href":"https:\/\/www.europesays.com\/ch-fr\/wp-json\/wp\/v2\/media\/282049"}],"wp:attachment":[{"href":"https:\/\/www.europesays.com\/ch-fr\/wp-json\/wp\/v2\/media?parent=282048"}],"wp:term":[{"taxonomy":"category","embeddable":true,"href":"https:\/\/www.europesays.com\/ch-fr\/wp-json\/wp\/v2\/categories?post=282048"},{"taxonomy":"post_tag","embeddable":true,"href":"https:\/\/www.europesays.com\/ch-fr\/wp-json\/wp\/v2\/tags?post=282048"}],"curies":[{"name":"wp","href":"https:\/\/api.w.org\/{rel}","templated":true}]}}