{"id":282058,"date":"2026-08-29T13:42:19","date_gmt":"2026-08-29T13:42:19","guid":{"rendered":"https:\/\/www.europesays.com\/ch-fr\/282058\/"},"modified":"2026-08-29T13:42:19","modified_gmt":"2026-08-29T13:42:19","slug":"champagne-fm-jeux","status":"publish","type":"post","link":"https:\/\/www.europesays.com\/ch-fr\/282058\/","title":{"rendered":"Champagne FM &#8211; Jeux"},"content":{"rendered":"\n<p class=\"isSelectedEnd\">Vous l\u2019attendiez\u2026 le voici ! \ud83c\udf89<\/p>\n<p class=\"isSelectedEnd\">Chaque ann\u00e9e, vous \u00eates des milliers \u00e0 r\u00e9pondre pr\u00e9sent pour ce rendez-vous incontournable de la rentr\u00e9e. Et cette ann\u00e9e encore, Champagne FM revient \u00e0 la Foire de Ch\u00e2lons pour une \u00e9dition tr\u00e8s sp\u00e9ciale : les 35 ans de votre radio ! \ud83d\udc9c<\/p>\n<p class=\"isSelectedEnd\">Rendez-vous le vendredi 28 ao\u00fbt pour une grande soir\u00e9e de concerts et une affiche 100 % Champagne FM.<\/p>\n<p>5 artistes sur la sc\u00e8ne du Carrefour de Stars<\/p>\n<p class=\"isSelectedEnd\">Pour cette \u00e9dition anniversaire, retrouvez :<\/p>\n<p class=\"isSelectedEnd\">\ud83c\udfb6 TRYO \u2014 le groupe culte qui accompagne plusieurs g\u00e9n\u00e9rations avec ses titres incontournables.<\/p>\n<p class=\"isSelectedEnd\">\u2728 AD\u00c8LE CASTILLON \u2014 l\u2019une des voix incontournables de la nouvelle sc\u00e8ne pop fran\u00e7aise.<\/p>\n<p class=\"isSelectedEnd\">\ud83d\udc9c AMBRE \u2014 la grande gagnante de la Star Academy 2026.<\/p>\n<p class=\"isSelectedEnd\">\ud83d\udd25 ORIA \u2014 l\u2019artiste derri\u00e8re \u00ab Soir\u00e9e Mondaine \u00bb, l\u2019un des titres marquants de l\u2019ann\u00e9e.<\/p>\n<p class=\"isSelectedEnd\">\u2600\ufe0f MANON LISA \u2014 celle qui a rythm\u00e9 votre \u00e9t\u00e9 avec \u00ab Le Petit P\u00eacheur \u00bb.<\/p>\n<p>Une soir\u00e9e exceptionnelle pour les 35 ans de Champagne FM<\/p>\n<p class=\"isSelectedEnd\">Depuis 35 ans, Champagne FM accompagne ses auditeurs et fait vivre la musique au c\u0153ur de son territoire.<\/p>\n<p class=\"isSelectedEnd\">Cette \u00e9dition du Carrefour de Stars sera l\u2019occasion de c\u00e9l\u00e9brer cette histoire ensemble, avec une soir\u00e9e plac\u00e9e sous le signe de la musique, de la proximit\u00e9 et du partage.<\/p>\n<p class=\"isSelectedEnd\">Et quoi de mieux pour lancer Foire en Sc\u00e8ne 2026 qu\u2019un grand concert Champagne FM ? \ud83c\udfa4\ud83d\udd25<\/p>\n<p>Gagnez vos places avec Champagne FM<\/p>\n<p class=\"isSelectedEnd\">Vos invitations pour assister au Carrefour de Stars Champagne FM sont \u00e0 gagner d\u00e8s maintenant !<\/p>\n<p>Pour jouer<\/p>\n<p class=\"isSelectedEnd\">\ud83d\udcf1 Envoyez \u00ab STAR \u00bb par SMS au 7 20 18<\/p>\n<p>(2 \u00d7 0,75 \u20ac + prix d\u2019un SMS)<\/p>\n<p>!function(f,b,e,v,n,t,s)<br \/>\n{if(f.fbq)return;n=f.fbq=function(){n.callMethod?<br \/>\nn.callMethod.apply(n,arguments):n.queue.push(arguments)};<br \/>\nif(!f._fbq)f._fbq=n;n.push=n;n.loaded=!0;n.version=&rsquo;2.0&prime;;<br \/>\nn.queue=[];t=b.createElement(e);t.async=!0;<br \/>\nt.src=v;s=b.getElementsByTagName(e)[0];<br \/>\ns.parentNode.insertBefore(t,s)}(window, document,&rsquo;script&rsquo;,<br \/>\n&lsquo;https:\/\/connect.facebook.net\/en_US\/fbevents.js&rsquo;);<br \/>\nfbq(&lsquo;init&rsquo;, &lsquo;804989127308002&rsquo;);<br \/>\nfbq(&lsquo;track&rsquo;, &lsquo;PageView&rsquo;);<\/p>\n","protected":false},"excerpt":{"rendered":"Vous l\u2019attendiez\u2026 le voici ! \ud83c\udf89 Chaque ann\u00e9e, vous \u00eates des milliers \u00e0 r\u00e9pondre pr\u00e9sent pour ce rendez-vous&hellip;\n","protected":false},"author":2,"featured_media":282059,"comment_status":"","ping_status":"","sticky":false,"template":"","format":"standard","meta":{"footnotes":"","_share_on_mastodon":"0"},"categories":[12],"tags":[5611,637,7351,56484,5624,7936,407,113,112,4896,16898,60575,5805,280,5227,532,60574,5638,5625,5609,140,141,440,52458,60576,117,4705,23,173,1704],"class_list":["post-282058","post","type-post","status-publish","format-standard","has-post-thumbnail","category-musique","tag-ardennes","tag-basket","tag-cadeau","tag-champagne-ardenne","tag-champagne-fm","tag-cine","tag-concours","tag-divertissement","tag-entertainment","tag-foot","tag-gagner","tag-gagnez","tag-hand","tag-high-tech","tag-iphone","tag-jeux","tag-jeux-concours","tag-jouer","tag-lunion","tag-marne","tag-music","tag-musique","tag-nrj","tag-places","tag-places-de-concert","tag-radio","tag-sorties","tag-suisse","tag-theatre","tag-voyage"],"share_on_mastodon":{"url":"https:\/\/pubeurope.com\/@ch_fr\/117179091923466691","error":""},"_links":{"self":[{"href":"https:\/\/www.europesays.com\/ch-fr\/wp-json\/wp\/v2\/posts\/282058","targetHints":{"allow":["GET"]}}],"collection":[{"href":"https:\/\/www.europesays.com\/ch-fr\/wp-json\/wp\/v2\/posts"}],"about":[{"href":"https:\/\/www.europesays.com\/ch-fr\/wp-json\/wp\/v2\/types\/post"}],"author":[{"embeddable":true,"href":"https:\/\/www.europesays.com\/ch-fr\/wp-json\/wp\/v2\/users\/2"}],"replies":[{"embeddable":true,"href":"https:\/\/www.europesays.com\/ch-fr\/wp-json\/wp\/v2\/comments?post=282058"}],"version-history":[{"count":0,"href":"https:\/\/www.europesays.com\/ch-fr\/wp-json\/wp\/v2\/posts\/282058\/revisions"}],"wp:featuredmedia":[{"embeddable":true,"href":"https:\/\/www.europesays.com\/ch-fr\/wp-json\/wp\/v2\/media\/282059"}],"wp:attachment":[{"href":"https:\/\/www.europesays.com\/ch-fr\/wp-json\/wp\/v2\/media?parent=282058"}],"wp:term":[{"taxonomy":"category","embeddable":true,"href":"https:\/\/www.europesays.com\/ch-fr\/wp-json\/wp\/v2\/categories?post=282058"},{"taxonomy":"post_tag","embeddable":true,"href":"https:\/\/www.europesays.com\/ch-fr\/wp-json\/wp\/v2\/tags?post=282058"}],"curies":[{"name":"wp","href":"https:\/\/api.w.org\/{rel}","templated":true}]}}