{"id":282084,"date":"2026-08-29T14:05:10","date_gmt":"2026-08-29T14:05:10","guid":{"rendered":"https:\/\/www.europesays.com\/ch-fr\/282084\/"},"modified":"2026-08-29T14:05:10","modified_gmt":"2026-08-29T14:05:10","slug":"un-mois-apres-son-lancement-spacex-a-recupere-son-starship-dans-locean-indien","status":"publish","type":"post","link":"https:\/\/www.europesays.com\/ch-fr\/282084\/","title":{"rendered":"Un mois apr\u00e8s son lancement, SpaceX a r\u00e9cup\u00e9r\u00e9 son Starship dans l&rsquo;oc\u00e9an Indien"},"content":{"rendered":"<p class=\"c-paragraph\">SpaceX vient de mener \u00e0 bien sa plus grande op\u00e9ration de r\u00e9cup\u00e9ration \u00e0 ce jour, en r\u00e9cup\u00e9rant dans l\u2019oc\u00e9an Indien son Starship le plus r\u00e9cemment lanc\u00e9. <\/p>\n<p class=\"c-paragraph\">L\u2019entreprise d\u2019Elon Musk s\u2019appr\u00eate d\u00e9sormais \u00e0 ramener le Starship vers sa base d\u2019attache au Texas, un voyage qui devrait durer plusieurs mois. SpaceX a partag\u00e9 des photos de l\u2019op\u00e9ration de r\u00e9cup\u00e9ration men\u00e9e pr\u00e8s de l\u2019\u00eele Christmas en fin de semaine. <\/p>\n<p class=\"c-paragraph\">Starship \u2014 la fus\u00e9e la plus grande et la plus puissante au monde \u2014 a d\u00e9coll\u00e9 le 24 juillet depuis Starbase, au Texas. Il s\u2019agissait du 13e vol d\u2019essai d\u2019un Starship en configuration compl\u00e8te, mais, contrairement \u00e0 tous les autres, il a surv\u00e9cu \u00e0 ce vol d\u2019une heure \u00e0 la limite de l\u2019espace et est rest\u00e9 \u00e0 flot, intact.<\/p>\n<p class=\"c-paragraph\">\u00abF\u00e9licitations \u00e0 toute l\u2019\u00e9quipe de r\u00e9cup\u00e9ration de SpaceX pour avoir surmont\u00e9 des conditions difficiles afin de permettre \u00e0 nos ing\u00e9nieurs d\u2019acc\u00e9der \u00e0 une mine de donn\u00e9es pour poursuivre le d\u00e9veloppement rapide de Starship\u00bb, a d\u00e9clar\u00e9 l\u2019entreprise via X.<\/p>\n<p class=\"c-paragraph\">Starship est le moyen par lequel Elon Musk entend acheminer des personnes et du mat\u00e9riel vers Mars, o\u00f9 il esp\u00e8re construire une ville. Mais la Lune est sa premi\u00e8re \u00e9tape. La NASA compte sur Starship ainsi que sur l\u2019atterrisseur Blue Moon de Jeff Bezos pour renvoyer des astronautes sur la surface lunaire d\u00e8s 2028.<\/p>\n<p class=\"c-paragraph\">Le pr\u00e9sident Donald Trump a apport\u00e9 son soutien \u00e0 ces deux destinations lors d\u2019une visite vendredi au Centre spatial Johnson de la NASA, \u00e0 Houston. Il a remis la M\u00e9daille d\u2019honneur spatiale du Congr\u00e8s \u00e0 chacun des quatre astronautes de la mission Artemis II qui ont effectu\u00e9 un vol autour de la Lune en avril.<\/p>\n<p>Articles connexes<\/p>\n","protected":false},"excerpt":{"rendered":"SpaceX vient de mener \u00e0 bien sa plus grande op\u00e9ration de r\u00e9cup\u00e9ration \u00e0 ce jour, en r\u00e9cup\u00e9rant dans&hellip;\n","protected":false},"author":2,"featured_media":282085,"comment_status":"","ping_status":"","sticky":false,"template":"","format":"standard","meta":{"footnotes":"","_share_on_mastodon":"0"},"categories":[7],"tags":[8966,32947,40,61,57,296,59,58,23,60,62],"class_list":["post-282084","post","type-post","status-publish","format-standard","has-post-thumbnail","category-sciences-et-technologies","tag-affaires","tag-fabrication","tag-international","tag-science","tag-science-and-technology","tag-science-et-technologie","tag-sciences","tag-sciences-et-technologies","tag-suisse","tag-technologies","tag-technology"],"share_on_mastodon":{"url":"https:\/\/pubeurope.com\/@ch_fr\/117179182154747808","error":""},"_links":{"self":[{"href":"https:\/\/www.europesays.com\/ch-fr\/wp-json\/wp\/v2\/posts\/282084","targetHints":{"allow":["GET"]}}],"collection":[{"href":"https:\/\/www.europesays.com\/ch-fr\/wp-json\/wp\/v2\/posts"}],"about":[{"href":"https:\/\/www.europesays.com\/ch-fr\/wp-json\/wp\/v2\/types\/post"}],"author":[{"embeddable":true,"href":"https:\/\/www.europesays.com\/ch-fr\/wp-json\/wp\/v2\/users\/2"}],"replies":[{"embeddable":true,"href":"https:\/\/www.europesays.com\/ch-fr\/wp-json\/wp\/v2\/comments?post=282084"}],"version-history":[{"count":0,"href":"https:\/\/www.europesays.com\/ch-fr\/wp-json\/wp\/v2\/posts\/282084\/revisions"}],"wp:featuredmedia":[{"embeddable":true,"href":"https:\/\/www.europesays.com\/ch-fr\/wp-json\/wp\/v2\/media\/282085"}],"wp:attachment":[{"href":"https:\/\/www.europesays.com\/ch-fr\/wp-json\/wp\/v2\/media?parent=282084"}],"wp:term":[{"taxonomy":"category","embeddable":true,"href":"https:\/\/www.europesays.com\/ch-fr\/wp-json\/wp\/v2\/categories?post=282084"},{"taxonomy":"post_tag","embeddable":true,"href":"https:\/\/www.europesays.com\/ch-fr\/wp-json\/wp\/v2\/tags?post=282084"}],"curies":[{"name":"wp","href":"https:\/\/api.w.org\/{rel}","templated":true}]}}