{"id":282104,"date":"2026-08-29T14:32:11","date_gmt":"2026-08-29T14:32:11","guid":{"rendered":"https:\/\/www.europesays.com\/ch-fr\/282104\/"},"modified":"2026-08-29T14:32:11","modified_gmt":"2026-08-29T14:32:11","slug":"zurich-une-centaine-de-militants-occupent-le-lindenhof","status":"publish","type":"post","link":"https:\/\/www.europesays.com\/ch-fr\/282104\/","title":{"rendered":"Zurich : une centaine de militants occupent le Lindenhof"},"content":{"rendered":"\n<p>Une centaine de militants masqu\u00e9s d&rsquo;extr\u00eame gauche occupent le Lindenhof, place historique de Zurich, depuis vendredi soir.La police municipale tol\u00e8re l&rsquo;occupation jusqu&rsquo;\u00e0 dimanche et surveille l&rsquo;\u00e9volution de la situation.Les militants protestent contre la politique migratoire europ\u00e9enne, les guerres et la course aux armements.La police \u00e9value la situation et se r\u00e9serve le droit de prendre des mesures si n\u00e9cessaire.<\/p>\n<p>Ce r\u00e9sum\u00e9 a-t-il \u00e9t\u00e9 utile ?<\/p>\n<p>    \u2139\ufe0f R\u00e9sum\u00e9 propos\u00e9 par l&rsquo;IA et valid\u00e9 par nos journalistes. <a class=\"article-summary-info__link\" href=\"https:\/\/www.rts.ch\/entreprise\/2025\/article\/charte-sur-l-utilisation-de-l-ia-a-la-rts-29020587.html\" rel=\"nofollow noopener\" target=\"_blank\">En savoir plus<\/a>  <\/p>\n<p> Masquer  <\/p>\n","protected":false},"excerpt":{"rendered":"Une centaine de militants masqu\u00e9s d&rsquo;extr\u00eame gauche occupent le Lindenhof, place historique de Zurich, depuis vendredi soir.La police&hellip;\n","protected":false},"author":2,"featured_media":282105,"comment_status":"","ping_status":"","sticky":false,"template":"","format":"standard","meta":{"footnotes":"","_share_on_mastodon":"0"},"categories":[16],"tags":[516,517,503,518,504,3461,711,741,60614,922,4436,11546,57638,306,92,23,924,32],"class_list":["post-282104","post","type-post","status-publish","format-standard","has-post-thumbnail","category-zurich","tag-autres-cantons","tag-canton-de-zurich","tag-criminalite","tag-district-de-zurich","tag-droit-et-justice","tag-extreme-gauche","tag-forces-de-lordre","tag-gouvernement","tag-lindenhof","tag-manifestation","tag-militant","tag-mobilisation","tag-mouvement-et-association-politiques","tag-police","tag-politique","tag-suisse","tag-troubles-civils","tag-zurich"],"share_on_mastodon":{"url":"https:\/\/pubeurope.com\/@ch_fr\/117179288502693899","error":""},"_links":{"self":[{"href":"https:\/\/www.europesays.com\/ch-fr\/wp-json\/wp\/v2\/posts\/282104","targetHints":{"allow":["GET"]}}],"collection":[{"href":"https:\/\/www.europesays.com\/ch-fr\/wp-json\/wp\/v2\/posts"}],"about":[{"href":"https:\/\/www.europesays.com\/ch-fr\/wp-json\/wp\/v2\/types\/post"}],"author":[{"embeddable":true,"href":"https:\/\/www.europesays.com\/ch-fr\/wp-json\/wp\/v2\/users\/2"}],"replies":[{"embeddable":true,"href":"https:\/\/www.europesays.com\/ch-fr\/wp-json\/wp\/v2\/comments?post=282104"}],"version-history":[{"count":0,"href":"https:\/\/www.europesays.com\/ch-fr\/wp-json\/wp\/v2\/posts\/282104\/revisions"}],"wp:featuredmedia":[{"embeddable":true,"href":"https:\/\/www.europesays.com\/ch-fr\/wp-json\/wp\/v2\/media\/282105"}],"wp:attachment":[{"href":"https:\/\/www.europesays.com\/ch-fr\/wp-json\/wp\/v2\/media?parent=282104"}],"wp:term":[{"taxonomy":"category","embeddable":true,"href":"https:\/\/www.europesays.com\/ch-fr\/wp-json\/wp\/v2\/categories?post=282104"},{"taxonomy":"post_tag","embeddable":true,"href":"https:\/\/www.europesays.com\/ch-fr\/wp-json\/wp\/v2\/tags?post=282104"}],"curies":[{"name":"wp","href":"https:\/\/api.w.org\/{rel}","templated":true}]}}