{"id":282148,"date":"2026-08-29T15:16:08","date_gmt":"2026-08-29T15:16:08","guid":{"rendered":"https:\/\/www.europesays.com\/ch-fr\/282148\/"},"modified":"2026-08-29T15:16:08","modified_gmt":"2026-08-29T15:16:08","slug":"motogp-marc-marquez-remporte-la-course-sprint-en-aragon","status":"publish","type":"post","link":"https:\/\/www.europesays.com\/ch-fr\/282148\/","title":{"rendered":"MotoGP : Marc Marquez remporte la course sprint en Aragon"},"content":{"rendered":"<p>Le champion du monde en titre Marc Marquez (Ducati) a remport\u00e9 sans trembler la course sprint du Grand Prix d&rsquo;Aragon, 13e manche sur 22 de la saison de MotoGP, sur le circuit de Motorland.<\/p>\n<p>L&rsquo;Espagnol a devanc\u00e9 son fr\u00e8re Alex (Ducati-Gresini) et l&rsquo;Italien Marco Bezzecchi, qui avait pourtant \u00e9t\u00e9 impressionnant dans la matin\u00e9e en d\u00e9crochant la pole position avec un temps canon.<\/p>\n<p>Le Catalan r\u00e9alise une bonne op\u00e9ration au championnat puisque le leader espagnol Jorge Martin (Aprilia) n&rsquo;a termin\u00e9 que 5e du sprint. Marquez lui a donc repris 7 points et compte d\u00e9sormais 33 longueurs de retard sur son compatriote.<\/p>\n<p>Le Fran\u00e7ais Johann Zarco (Honda-LCR), de retour apr\u00e8s plus de 3 mois d&rsquo;absence en raison d&rsquo;une s\u00e9rieuse blessure aux ligaments du genou gauche, a pris une belle 9e place, inscrivant ainsi un point.<\/p>\n<p>L&rsquo;autre Tricolore, Fabio Quartararo (Yamaha), a connu une nouvelle d\u00e9sillusion puisqu&rsquo;il a d\u00fb abandonner sur une casse moteur \u00e0 la mi-course.<\/p>\n<p class=\"sources\">afp\/alt<\/p>\n","protected":false},"excerpt":{"rendered":"Le champion du monde en titre Marc Marquez (Ducati) a remport\u00e9 sans trembler la course sprint du Grand&hellip;\n","protected":false},"author":2,"featured_media":282149,"comment_status":"","ping_status":"","sticky":false,"template":"","format":"standard","meta":{"footnotes":"","_share_on_mastodon":"0"},"categories":[8],"tags":[28965,10409,57220,21685,10410,1006,10411,10412,5559,10414,11333,10415,60655,466,186,75,10421,23],"class_list":["post-282148","post","type-post","status-publish","format-standard","has-post-thumbnail","category-sports","tag-alex-marquez","tag-aprilia","tag-aragon","tag-championnat-du-monde-de-vitesse-moto","tag-construction-automobile","tag-course","tag-ducati","tag-ducati-motor-holding","tag-grand-prix","tag-marc-marquez","tag-marco-bezzecchi","tag-moto","tag-moto-gp-aragon","tag-rts-sport","tag-sport","tag-sports","tag-sprint","tag-suisse"],"share_on_mastodon":{"url":"https:\/\/pubeurope.com\/@ch_fr\/117179461287466019","error":""},"_links":{"self":[{"href":"https:\/\/www.europesays.com\/ch-fr\/wp-json\/wp\/v2\/posts\/282148","targetHints":{"allow":["GET"]}}],"collection":[{"href":"https:\/\/www.europesays.com\/ch-fr\/wp-json\/wp\/v2\/posts"}],"about":[{"href":"https:\/\/www.europesays.com\/ch-fr\/wp-json\/wp\/v2\/types\/post"}],"author":[{"embeddable":true,"href":"https:\/\/www.europesays.com\/ch-fr\/wp-json\/wp\/v2\/users\/2"}],"replies":[{"embeddable":true,"href":"https:\/\/www.europesays.com\/ch-fr\/wp-json\/wp\/v2\/comments?post=282148"}],"version-history":[{"count":0,"href":"https:\/\/www.europesays.com\/ch-fr\/wp-json\/wp\/v2\/posts\/282148\/revisions"}],"wp:featuredmedia":[{"embeddable":true,"href":"https:\/\/www.europesays.com\/ch-fr\/wp-json\/wp\/v2\/media\/282149"}],"wp:attachment":[{"href":"https:\/\/www.europesays.com\/ch-fr\/wp-json\/wp\/v2\/media?parent=282148"}],"wp:term":[{"taxonomy":"category","embeddable":true,"href":"https:\/\/www.europesays.com\/ch-fr\/wp-json\/wp\/v2\/categories?post=282148"},{"taxonomy":"post_tag","embeddable":true,"href":"https:\/\/www.europesays.com\/ch-fr\/wp-json\/wp\/v2\/tags?post=282148"}],"curies":[{"name":"wp","href":"https:\/\/api.w.org\/{rel}","templated":true}]}}