{"id":282216,"date":"2026-08-29T16:21:07","date_gmt":"2026-08-29T16:21:07","guid":{"rendered":"https:\/\/www.europesays.com\/ch-fr\/282216\/"},"modified":"2026-08-29T16:21:07","modified_gmt":"2026-08-29T16:21:07","slug":"judo-lausanne-accueillera-les-championnats-du-monde-2028","status":"publish","type":"post","link":"https:\/\/www.europesays.com\/ch-fr\/282216\/","title":{"rendered":"Judo : Lausanne accueillera les Championnats du monde 2028"},"content":{"rendered":"<p>Lausanne accueillera les Mondiaux 2028 de judo. Un contrat a \u00e9t\u00e9 sign\u00e9 en ce sens samedi, en marge de la premi\u00e8re \u00e9dition du Lausanne Grand Slam, a annonc\u00e9 la F\u00e9d\u00e9ration internationale (IJF).<\/p>\n<p>Ce sera la deuxi\u00e8me fois seulement que la Suisse organisera des championnats du monde de judo. Lausanne, d\u00e9j\u00e0, avait accueilli en 1973 ces joutes, alors r\u00e9serv\u00e9es aux hommes.<\/p>\n<p>Cette \u00e9dition 2028 sera particuli\u00e8rement importante. Elle se d\u00e9roulera quelques semaines avant les Jeux de Los Angeles 2028, et constituera donc une \u00e9tape d\u00e9cisive dans le cadre du processus de qualification olympique.<\/p>\n<p>\u00ab\u00a0La confiance que l&rsquo;IJF accorde \u00e0 la Suisse est \u00e0 la fois un honneur et une responsabilit\u00e9\u00a0\u00bb, explique le pr\u00e9sident de Swiss Judo Sergei Aschwanden, cit\u00e9 dans le communiqu\u00e9 de l&rsquo;IJF. \u00ab\u00a0Apr\u00e8s les tournois du Grand Chelem de 2026 et 2027, les Championnats du monde de 2028 nous permettront de d\u00e9velopper le judo sous tous ses aspects (&#8230;) Nous souhaitons que cet \u00e9v\u00e9nement laisse un h\u00e9ritage durable \u00e0 Lausanne, au canton de Vaud et au judo suisse dans son ensemble.\u00a0\u00bb<\/p>\n<p class=\"sources\">ats\/tzing<\/p>\n","protected":false},"excerpt":{"rendered":"Lausanne accueillera les Mondiaux 2028 de judo. Un contrat a \u00e9t\u00e9 sign\u00e9 en ce sens samedi, en marge&hellip;\n","protected":false},"author":2,"featured_media":282217,"comment_status":"","ping_status":"","sticky":false,"template":"","format":"standard","meta":{"footnotes":"","_share_on_mastodon":"0"},"categories":[4],"tags":[22,7797,76,354,6739,7220,1656,22762,10268,177,21,186,23],"class_list":["post-282216","post","type-post","status-publish","format-standard","has-post-thumbnail","category-actualites","tag-actualites","tag-arts-martiaux","tag-autres-sports","tag-canton-de-vaud","tag-championnat-du-monde","tag-contrat","tag-district-de-lausanne","tag-federation","tag-judo","tag-lausanne","tag-news","tag-sport","tag-suisse"],"share_on_mastodon":{"url":"https:\/\/pubeurope.com\/@ch_fr\/117179717114879204","error":""},"_links":{"self":[{"href":"https:\/\/www.europesays.com\/ch-fr\/wp-json\/wp\/v2\/posts\/282216","targetHints":{"allow":["GET"]}}],"collection":[{"href":"https:\/\/www.europesays.com\/ch-fr\/wp-json\/wp\/v2\/posts"}],"about":[{"href":"https:\/\/www.europesays.com\/ch-fr\/wp-json\/wp\/v2\/types\/post"}],"author":[{"embeddable":true,"href":"https:\/\/www.europesays.com\/ch-fr\/wp-json\/wp\/v2\/users\/2"}],"replies":[{"embeddable":true,"href":"https:\/\/www.europesays.com\/ch-fr\/wp-json\/wp\/v2\/comments?post=282216"}],"version-history":[{"count":0,"href":"https:\/\/www.europesays.com\/ch-fr\/wp-json\/wp\/v2\/posts\/282216\/revisions"}],"wp:featuredmedia":[{"embeddable":true,"href":"https:\/\/www.europesays.com\/ch-fr\/wp-json\/wp\/v2\/media\/282217"}],"wp:attachment":[{"href":"https:\/\/www.europesays.com\/ch-fr\/wp-json\/wp\/v2\/media?parent=282216"}],"wp:term":[{"taxonomy":"category","embeddable":true,"href":"https:\/\/www.europesays.com\/ch-fr\/wp-json\/wp\/v2\/categories?post=282216"},{"taxonomy":"post_tag","embeddable":true,"href":"https:\/\/www.europesays.com\/ch-fr\/wp-json\/wp\/v2\/tags?post=282216"}],"curies":[{"name":"wp","href":"https:\/\/api.w.org\/{rel}","templated":true}]}}