{"id":282290,"date":"2026-08-29T17:46:24","date_gmt":"2026-08-29T17:46:24","guid":{"rendered":"https:\/\/www.europesays.com\/ch-fr\/282290\/"},"modified":"2026-08-29T17:46:24","modified_gmt":"2026-08-29T17:46:24","slug":"helene-segara-celebre-30-ans-de-carriere-avec-un-album-de-duos","status":"publish","type":"post","link":"https:\/\/www.europesays.com\/ch-fr\/282290\/","title":{"rendered":"H\u00e9l\u00e8ne S\u00e9gara c\u00e9l\u00e8bre 30 ans de carri\u00e8re avec un album de duos"},"content":{"rendered":"\n<p style=\"margin-bottom: 0cm;\">Pour c\u00e9l\u00e9brer ses 30 ans de carri\u00e8re, la chanteuse a choisi de reprendre son r\u00e9pertoire en duo. L&rsquo;album compte 12 titres et r\u00e9unit notamment Julien Dor\u00e9, Florent Pagny, Laura Pausini, Garou, Philippe Katerine, Julie Zenatti, Joyce Jonathan ou encore Vincent Dedienne. Julien Dor\u00e9 l&rsquo;accompagne ainsi sur \u00ab Il y a trop de gens qui t&rsquo;aiment \u00bb, Florent Pagny sur \u00ab Vivo Per Lei \u00bb, tandis que Garou retrouve H\u00e9l\u00e8ne S\u00e9gara sur \u00ab Les oiseaux qu&rsquo;on met en cage \u00bb, extrait de la com\u00e9die musicale \u00ab\u00a0Notre-Dame de Paris\u00a0\u00bb. Les fans d&rsquo;H\u00e9l\u00e8ne Segara pourront aussi \u00e9couter Laura Pausini sur la nouvelle version de \u00ab On n&rsquo;oublie jamais rien, on vit avec \u00bb. Disponible depuis ce vendredi, \u00ab H\u00e9l\u00e8ne S\u00e9gara &amp; Friends \u00bb para\u00eet en num\u00e9rique, CD et vinyle.<\/p>\n","protected":false},"excerpt":{"rendered":"Pour c\u00e9l\u00e9brer ses 30 ans de carri\u00e8re, la chanteuse a choisi de reprendre son r\u00e9pertoire en duo. L&rsquo;album&hellip;\n","protected":false},"author":2,"featured_media":282291,"comment_status":"","ping_status":"","sticky":false,"template":"","format":"standard","meta":{"footnotes":"","_share_on_mastodon":"0"},"categories":[12],"tags":[22,3426,1511,3427,113,112,1701,3425,140,141,21,159,23],"class_list":["post-282290","post","type-post","status-publish","format-standard","has-post-thumbnail","category-musique","tag-actualites","tag-artistesfrancais","tag-chanteur","tag-chanteuse","tag-divertissement","tag-entertainment","tag-francais","tag-informations","tag-music","tag-musique","tag-news","tag-people","tag-suisse"],"share_on_mastodon":{"url":"https:\/\/pubeurope.com\/@ch_fr\/117180051276392349","error":""},"_links":{"self":[{"href":"https:\/\/www.europesays.com\/ch-fr\/wp-json\/wp\/v2\/posts\/282290","targetHints":{"allow":["GET"]}}],"collection":[{"href":"https:\/\/www.europesays.com\/ch-fr\/wp-json\/wp\/v2\/posts"}],"about":[{"href":"https:\/\/www.europesays.com\/ch-fr\/wp-json\/wp\/v2\/types\/post"}],"author":[{"embeddable":true,"href":"https:\/\/www.europesays.com\/ch-fr\/wp-json\/wp\/v2\/users\/2"}],"replies":[{"embeddable":true,"href":"https:\/\/www.europesays.com\/ch-fr\/wp-json\/wp\/v2\/comments?post=282290"}],"version-history":[{"count":0,"href":"https:\/\/www.europesays.com\/ch-fr\/wp-json\/wp\/v2\/posts\/282290\/revisions"}],"wp:featuredmedia":[{"embeddable":true,"href":"https:\/\/www.europesays.com\/ch-fr\/wp-json\/wp\/v2\/media\/282291"}],"wp:attachment":[{"href":"https:\/\/www.europesays.com\/ch-fr\/wp-json\/wp\/v2\/media?parent=282290"}],"wp:term":[{"taxonomy":"category","embeddable":true,"href":"https:\/\/www.europesays.com\/ch-fr\/wp-json\/wp\/v2\/categories?post=282290"},{"taxonomy":"post_tag","embeddable":true,"href":"https:\/\/www.europesays.com\/ch-fr\/wp-json\/wp\/v2\/tags?post=282290"}],"curies":[{"name":"wp","href":"https:\/\/api.w.org\/{rel}","templated":true}]}}