{"id":282300,"date":"2026-08-29T17:54:15","date_gmt":"2026-08-29T17:54:15","guid":{"rendered":"https:\/\/www.europesays.com\/ch-fr\/282300\/"},"modified":"2026-08-29T17:54:15","modified_gmt":"2026-08-29T17:54:15","slug":"blonay-chamby-le-musee-fete-les-125-ans-du-mob","status":"publish","type":"post","link":"https:\/\/www.europesays.com\/ch-fr\/282300\/","title":{"rendered":"Blonay-Chamby: le mus\u00e9e f\u00eate les 125 ans du MOB"},"content":{"rendered":"\n<p>        \u2013   <\/p>\n<p> Le Blonay-Chamby f\u00eate les pionniers du rail de l\u2019Oberland bernois <\/p>\n<p class=\"lead regular externalicon-big astro-odojtzmo\"> Le chemin de fer-mus\u00e9e va c\u00e9l\u00e9brer les 125\u00a0ans du MOB et les 100\u00a0ans du Jungfrau Nostalgie Express. M\u00e4rklin y d\u00e9voilera un mod\u00e8le r\u00e9duit tr\u00e8s attendu.  <\/p>\n<p>   <img loading=\"lazy\" decoding=\"async\" src=\"https:\/\/www.europesays.com\/ch-fr\/wp-content\/uploads\/2026\/08\/1788026054_586_6A17SKeUalK9Nv0mDqJd6T.jpg\"  width=\"100\" height=\"100\"  alt=\"Claude Beda\" class=\"AuthorImage -content-head authorimage astro-ivm7rlur astro-uymtm5hg\" style=\"background-color:#A7A7A7\"\/>         Publi\u00e9 aujourd\u2019hui \u00e0 19h22                           LinkedIn Lien copi\u00e9 Error occurred        Facebook Lien copi\u00e9 Error occurred        X Lien copi\u00e9 Error occurred           E-mail Lien copi\u00e9 Error occurred        Copier le lien Lien copi\u00e9 Error occurred                    <img decoding=\"async\" loading=\"eager\" fetchpriority=\"high\" src=\"https:\/\/www.europesays.com\/ch-fr\/wp-content\/uploads\/2026\/08\/E7ajAfUgKkYBz65r2-4JPz.jpg\" data-image-url=\"https:\/\/www.europesays.com\/ch-fr\/wp-content\/uploads\/2026\/08\/E7ajAfUgKkYBz65r2-4JPz.jpg\" alt=\"Locomotive \u00e9lectrique historique bleue et cr\u00e8me num\u00e9ro 2002 tirant des wagons de fret sur une voie ferr\u00e9e alpine verdoyante, avec un tunnel en arri\u00e8re-plan.\" title=\"Locomotive \u00e9lectrique historique bleue et cr\u00e8me num\u00e9ro 2002 tirant des wagons de fret sur une voie ferr\u00e9e alpine verdoyante, avec un tunnel en arri\u00e8re-plan.\" class=\"ResponsiveImage responsive-image astro-xbt4piv4\" style=\"background-color:#6E7272\" onload=\"this.style.backgroundColor = &quot;transparent&quot;\"\/>           <\/p>\n<p>Les 5 et 6\u00a0septembre, M\u00e4rklin d\u00e9voilera en avant-premi\u00e8re un mod\u00e8le r\u00e9duit de la locomotive MOB 2002, qui sera pr\u00e9sente lors de l\u2019\u00e9v\u00e9nement.<\/p>\n<p>Blonay-Chamby\/DR<\/p>\n<p class=\"astro-gkn4pfbc articleParagraph externalicon-big focus _content-width article-element astro-bqhs6jcx\"><a class=\" astro-bqhs6jcx\" target=\"_blank\" rel=\"noopener noreferrer nofollow\" href=\"https:\/\/blonay-chamby.ch\/\" data-article-link=\"https:\/\/blonay-chamby.ch\/\">Le Chemin de fer mus\u00e9e Blonay\u2013Chamby<\/a> organisera les 5 et 6\u00a0septembre 2026 un \u00e9v\u00e9nement consacr\u00e9 aux pionniers du rail de l\u2019Oberland bernois. Cette manifestation c\u00e9l\u00e9brera notamment les 125\u00a0ans du Chemin de fer Montreux-Oberland bernois (MOB) et les 100\u00a0ans du Jungfrau Nostalgie Express du Berner Oberland Bahn (BOB).<\/p>\n<p class=\"astro-gkn4pfbc articleParagraph externalicon-big focus _content-width article-element astro-bqhs6jcx\">\u00c0 cette occasion, des v\u00e9hicules historiques MOB seront mis en circulation, dont l\u2019automotrice d\u2019origine MOB 11, construite en 1905, et la locomotive articul\u00e9e MOB 2002, datant de 1932, accompagn\u00e9es de plusieurs voitures et wagons. Le convoi BOB, form\u00e9 de la locomotive \u00e9lectrique \u00e0 cr\u00e9maill\u00e8re BOB 29 et de la voiture d\u2019\u00e9t\u00e9 BOB 44, circulera \u00e9galement pour marquer son centenaire.<\/p>\n<p> M\u00e4rklin d\u00e9voilera le mod\u00e8le r\u00e9duit de la locomotive MOB 2002<\/p>\n<p class=\"astro-gkn4pfbc articleParagraph externalicon-big focus _content-width article-element astro-bqhs6jcx\">Une d\u00e9l\u00e9gation du fabricant de mod\u00e8les r\u00e9duits M\u00e4rklin\/LGB sera pr\u00e9sente pour d\u00e9voiler en avant-premi\u00e8re une reproduction \u00e0 l\u2019\u00e9chelle \u00bd2.5 de la locomotive MOB 2002. Le mod\u00e8le mesure 75\u00a0cm, contre 17,0\u00a0m\u00e8tres pour le v\u00e9hicule original. Une partie officielle r\u00e9serv\u00e9e aux invit\u00e9s se tiendra le samedi apr\u00e8s-midi 5\u00a0septembre. Le mod\u00e8le sera ensuite visible par le public d\u00e8s la fin de l\u2019apr\u00e8s-midi du samedi, puis le dimanche, au mus\u00e9e de Chaulin.<\/p>\n<p class=\"astro-gkn4pfbc articleParagraph externalicon-big focus _content-width article-element astro-bqhs6jcx\">Durant les deux jours, des trains \u00e0 vapeur seront tract\u00e9s par la locomotive BFD 3 provenant du Furka-Oberalp, avec des horaires renforc\u00e9s adapt\u00e9s au th\u00e8me de l\u2019\u00e9v\u00e9nement. Une restauration chaude et froide sera propos\u00e9e par <a class=\"noExternalIcon astro-bqhs6jcx\" target=\"_self\" href=\"https:\/\/www.24heures.ch\/le-blonay-chamby-fonce-vers-son-classement-191262795266\" data-article-link=\"https:\/\/www.24heures.ch\/le-blonay-chamby-fonce-vers-son-classement-191262795266\" rel=\"nofollow noopener\">le Blonay-Chamby<\/a> au mus\u00e9e de Chaulin. L\u2019\u00e9v\u00e9nement s\u2019adresse tant aux familles qu\u2019\u00e0 un public averti d\u2019amateurs de patrimoine ferroviaire.<\/p>\n<p class=\"boxtitle astro-hwrdf5ss astro-bqhs6jcx\">Au sujet du Blonay-Chamby<\/p>\n<p>      Newsletter    <\/p>\n<p>\u00abL\u2019actualit\u00e9 en bref, le matin\u00bb<\/p>\n<p> Retrouvez chaque matin l\u2019essentiel de nos interviews, reportages et enqu\u00eates, s\u00e9lectionn\u00e9s avec soin par notre r\u00e9daction.  <\/p>\n<p class=\"astro-2yzsvld2\"> <a class=\"more astro-2yzsvld2\" href=\"https:\/\/www.24heures.ch\/nos-newsletters\" rel=\"nofollow noopener\" target=\"_blank\"> Autres newsletters <\/a> <\/p>\n<p>       Se connecter       <\/p>\n","protected":false},"excerpt":{"rendered":"\u2013 Le Blonay-Chamby f\u00eate les pionniers du rail de l\u2019Oberland bernois Le chemin de fer-mus\u00e9e va c\u00e9l\u00e9brer les&hellip;\n","protected":false},"author":2,"featured_media":282301,"comment_status":"","ping_status":"","sticky":false,"template":"","format":"standard","meta":{"footnotes":"","_share_on_mastodon":"0"},"categories":[3],"tags":[195,11338,41420,194,23],"class_list":["post-282300","post","type-post","status-publish","format-standard","has-post-thumbnail","category-suisse","tag-content-en-continu","tag-distract","tag-municipality-blonay-saint-legier","tag-stats-seo-trends","tag-suisse"],"share_on_mastodon":{"url":"https:\/\/pubeurope.com\/@ch_fr\/117180083282146269","error":""},"_links":{"self":[{"href":"https:\/\/www.europesays.com\/ch-fr\/wp-json\/wp\/v2\/posts\/282300","targetHints":{"allow":["GET"]}}],"collection":[{"href":"https:\/\/www.europesays.com\/ch-fr\/wp-json\/wp\/v2\/posts"}],"about":[{"href":"https:\/\/www.europesays.com\/ch-fr\/wp-json\/wp\/v2\/types\/post"}],"author":[{"embeddable":true,"href":"https:\/\/www.europesays.com\/ch-fr\/wp-json\/wp\/v2\/users\/2"}],"replies":[{"embeddable":true,"href":"https:\/\/www.europesays.com\/ch-fr\/wp-json\/wp\/v2\/comments?post=282300"}],"version-history":[{"count":0,"href":"https:\/\/www.europesays.com\/ch-fr\/wp-json\/wp\/v2\/posts\/282300\/revisions"}],"wp:featuredmedia":[{"embeddable":true,"href":"https:\/\/www.europesays.com\/ch-fr\/wp-json\/wp\/v2\/media\/282301"}],"wp:attachment":[{"href":"https:\/\/www.europesays.com\/ch-fr\/wp-json\/wp\/v2\/media?parent=282300"}],"wp:term":[{"taxonomy":"category","embeddable":true,"href":"https:\/\/www.europesays.com\/ch-fr\/wp-json\/wp\/v2\/categories?post=282300"},{"taxonomy":"post_tag","embeddable":true,"href":"https:\/\/www.europesays.com\/ch-fr\/wp-json\/wp\/v2\/tags?post=282300"}],"curies":[{"name":"wp","href":"https:\/\/api.w.org\/{rel}","templated":true}]}}