{"id":282316,"date":"2026-08-29T18:09:06","date_gmt":"2026-08-29T18:09:06","guid":{"rendered":"https:\/\/www.europesays.com\/ch-fr\/282316\/"},"modified":"2026-08-29T18:09:06","modified_gmt":"2026-08-29T18:09:06","slug":"tour-despagne-2026-tadej-pogacar-abandonne-apres-une-chute-2","status":"publish","type":"post","link":"https:\/\/www.europesays.com\/ch-fr\/282316\/","title":{"rendered":"Tour d&rsquo;Espagne 2026 : Tadej Pogacar abandonne apr\u00e8s une chute"},"content":{"rendered":"<p>Leader incontest\u00e9 et incontestable du Tour d&rsquo;Espagne, Tadej Pogacar a \u00e9t\u00e9 contraint \u00e0 l&rsquo;abandon samedi. Le Slov\u00e8ne a jet\u00e9 l&rsquo;\u00e9ponge apr\u00e8s une lourde chute.<\/p>\n<p>Le quintuple vainqueur du Tour de France, ultra-favori d&rsquo;une Vuelta qu&rsquo;il esp\u00e9rait remporter pour la premi\u00e8re fois, a tent\u00e9 de remonter sur son v\u00e9lo apr\u00e8s cette chute mais a quitt\u00e9 la course dans une ambulance, visiblement touch\u00e9 \u00e0 l&rsquo;\u00e9paule gauche.<\/p>\n<p>Tadej Pogacar a chut\u00e9 seul dans le peloton \u00e0 32 kilom\u00e8tres de l&rsquo;arriv\u00e9e, entra\u00eenant plusieurs coureurs avec lui. Aper\u00e7u avec l&rsquo;\u00e9paule en sang et l&rsquo;arcade gauche ouverte, il dominait largement la course, avec pr\u00e8s de quatre minutes d&rsquo;avance sur son premier poursuivant Enric Mas. Il avait remport\u00e9 trois victoires d&rsquo;\u00e9tapes.<\/p>\n<p>Contenu externe<\/p>\n<p> Ce contenu externe ne peut pas \u00eatre affich\u00e9 car il est susceptible de collecter des donn\u00e9es personnelles. Pour voir ce contenu vous devez autoriser la cat\u00e9gorie R\u00e9seaux sociaux. <\/p>\n<p> Accepter Plus d&rsquo;info <\/p>\n<p>Il s&rsquo;agit du premier abandon du coureur slov\u00e8ne de 27 ans sur une course \u00e0 \u00e9tapes, abandon qui vient an\u00e9antir son ambition de remporter coup sur coup le Tour de France, la Vuelta, et le Championnat du monde, fin septembre au Canada.<\/p>\n<p>Cette 8e \u00e9tape a \u00e9t\u00e9 remport\u00e9e par Bryan Coquard. Le Fran\u00e7ais s&rsquo;est impos\u00e9 au sprint devant le Danois Mads Pedersen et le Belge Jordi Meeus. Enric Mas a quant \u00e0 lui pris le pouvoir au g\u00e9n\u00e9ral. L&rsquo;Espagnol devance Felix Gall (2e) de 1&rsquo;11 et Primoz Roglic (3e) de 1&rsquo;33.<\/p>\n<p class=\"sources\">ats\/tzing<\/p>\n","protected":false},"excerpt":{"rendered":"Leader incontest\u00e9 et incontestable du Tour d&rsquo;Espagne, Tadej Pogacar a \u00e9t\u00e9 contraint \u00e0 l&rsquo;abandon samedi. Le Slov\u00e8ne a&hellip;\n","protected":false},"author":2,"featured_media":282317,"comment_status":"","ping_status":"","sticky":false,"template":"","format":"standard","meta":{"footnotes":"","_share_on_mastodon":"0"},"categories":[8],"tags":[34759,26695,60724,60725,1105,60010,21637,51781,466,13568,186,75,23,13522,31396,2085,57529],"class_list":["post-282316","post","type-post","status-publish","format-standard","has-post-thumbnail","category-sports","tag-8e-etape","tag-bora-hansgrohe","tag-bryan-coquard","tag-cofidis","tag-cyclisme","tag-jordi-meeus","tag-lidl-trek","tag-mads-pedersen","tag-rts-sport","tag-slovenie","tag-sport","tag-sports","tag-suisse","tag-tadej-pogacar","tag-tour-despagne","tag-tout-le-sport","tag-world-tour-vuelta"],"share_on_mastodon":{"url":"https:\/\/pubeurope.com\/@ch_fr\/117180141626593803","error":""},"_links":{"self":[{"href":"https:\/\/www.europesays.com\/ch-fr\/wp-json\/wp\/v2\/posts\/282316","targetHints":{"allow":["GET"]}}],"collection":[{"href":"https:\/\/www.europesays.com\/ch-fr\/wp-json\/wp\/v2\/posts"}],"about":[{"href":"https:\/\/www.europesays.com\/ch-fr\/wp-json\/wp\/v2\/types\/post"}],"author":[{"embeddable":true,"href":"https:\/\/www.europesays.com\/ch-fr\/wp-json\/wp\/v2\/users\/2"}],"replies":[{"embeddable":true,"href":"https:\/\/www.europesays.com\/ch-fr\/wp-json\/wp\/v2\/comments?post=282316"}],"version-history":[{"count":0,"href":"https:\/\/www.europesays.com\/ch-fr\/wp-json\/wp\/v2\/posts\/282316\/revisions"}],"wp:featuredmedia":[{"embeddable":true,"href":"https:\/\/www.europesays.com\/ch-fr\/wp-json\/wp\/v2\/media\/282317"}],"wp:attachment":[{"href":"https:\/\/www.europesays.com\/ch-fr\/wp-json\/wp\/v2\/media?parent=282316"}],"wp:term":[{"taxonomy":"category","embeddable":true,"href":"https:\/\/www.europesays.com\/ch-fr\/wp-json\/wp\/v2\/categories?post=282316"},{"taxonomy":"post_tag","embeddable":true,"href":"https:\/\/www.europesays.com\/ch-fr\/wp-json\/wp\/v2\/tags?post=282316"}],"curies":[{"name":"wp","href":"https:\/\/api.w.org\/{rel}","templated":true}]}}