{"id":282723,"date":"2026-08-30T06:31:11","date_gmt":"2026-08-30T06:31:11","guid":{"rendered":"https:\/\/www.europesays.com\/ch-fr\/282723\/"},"modified":"2026-08-30T06:31:11","modified_gmt":"2026-08-30T06:31:11","slug":"au-plaza-de-geneve-une-enquete-au-scalpel-pour-retrouver-les-couleurs-dorigine-du-mythique-cinema","status":"publish","type":"post","link":"https:\/\/www.europesays.com\/ch-fr\/282723\/","title":{"rendered":"Au Plaza de Gen\u00e8ve, une enqu\u00eate au scalpel pour retrouver les couleurs d\u2019origine du mythique cin\u00e9ma"},"content":{"rendered":"<p>    R\u00e9sum\u00e9 en 20 secondes<\/p>\n<p>        En savoir plus sur ce type de contenu<\/p>\n<p>Ce r\u00e9sum\u00e9 peut avoir \u00e9t\u00e9 \u00e9crit avec l&rsquo;assistance d\u2019une IA g\u00e9n\u00e9rative. <a href=\"https:\/\/www.letemps.ch\/cyber\/l-usage-de-l-ia-generative-par-les-journalistes-du-temps\" rel=\"nofollow noopener\" target=\"_blank\">En savoir plus<\/a><\/p>\n<p class=\"article__abstract-call-to-action\" data-ariato=\"TrackableElement\" data-trackable-element-type=\"article_abstract_cta\" data-trackable-element-location=\"article_header\" data-trackable-element-id=\"541060\">\n        <a data-event=\"click-&gt;clicked\" href=\"https:\/\/www.letemps.ch\/abonnements\" rel=\"nofollow noopener\" target=\"_blank\">Abonnez-vous<\/a> pour acc\u00e9der au r\u00e9sum\u00e9 en 20 secondes.\n      <\/p>\n<p>A en croire les sp\u00e9cialistes, la couleur exercerait une influence sur les activit\u00e9s humaines. Elle serait un facteur d\u2019ambiance fondamental, conditionnant les comportements et la disposition intellectuelle. Plusieurs architectes suisses, \u00e0 commencer par Jean Tschumi, Le Corbusier ou Marc-Joseph Saugey furent des pr\u00e9curseurs en la mati\u00e8re.<\/p>\n<p>Voil\u00e0 pourquoi, lorsque la Vaudoise Assurances restaure son si\u00e8ge historique Le C\u00e8dre \u00e0 Lausanne, elle va rechercher les vraies couleurs d\u2019origine et mandate le laboratoire TSAM de l\u2019EPFL. Idem avec la Fondation Plaza cr\u00e9\u00e9e en 2019 gr\u00e2ce \u00e0 la Fondation Wilsdorf pour inventer un nouvel avenir au cin\u00e9ma Le Plaza, con\u00e7u par Marc J. Saugey (1908-1971). L\u00e0, c\u2019est l\u2019atelier Sinopie de Vevey qui est contact\u00e9. Ce dernier a men\u00e9 plusieurs campagnes de recherches entre 2020 et 2025.<\/p>\n","protected":false},"excerpt":{"rendered":"R\u00e9sum\u00e9 en 20 secondes En savoir plus sur ce type de contenu Ce r\u00e9sum\u00e9 peut avoir \u00e9t\u00e9 \u00e9crit&hellip;\n","protected":false},"author":2,"featured_media":282724,"comment_status":"","ping_status":"","sticky":false,"template":"","format":"standard","meta":{"footnotes":"","_share_on_mastodon":"0"},"categories":[17],"tags":[2904,384,170,169,174,23],"class_list":["post-282723","post","type-post","status-publish","format-standard","has-post-thumbnail","category-geneve","tag-architecture","tag-cinema","tag-geneva","tag-geneve","tag-premium","tag-suisse"],"share_on_mastodon":{"url":"https:\/\/pubeurope.com\/@ch_fr\/117183059291776242","error":""},"_links":{"self":[{"href":"https:\/\/www.europesays.com\/ch-fr\/wp-json\/wp\/v2\/posts\/282723","targetHints":{"allow":["GET"]}}],"collection":[{"href":"https:\/\/www.europesays.com\/ch-fr\/wp-json\/wp\/v2\/posts"}],"about":[{"href":"https:\/\/www.europesays.com\/ch-fr\/wp-json\/wp\/v2\/types\/post"}],"author":[{"embeddable":true,"href":"https:\/\/www.europesays.com\/ch-fr\/wp-json\/wp\/v2\/users\/2"}],"replies":[{"embeddable":true,"href":"https:\/\/www.europesays.com\/ch-fr\/wp-json\/wp\/v2\/comments?post=282723"}],"version-history":[{"count":0,"href":"https:\/\/www.europesays.com\/ch-fr\/wp-json\/wp\/v2\/posts\/282723\/revisions"}],"wp:featuredmedia":[{"embeddable":true,"href":"https:\/\/www.europesays.com\/ch-fr\/wp-json\/wp\/v2\/media\/282724"}],"wp:attachment":[{"href":"https:\/\/www.europesays.com\/ch-fr\/wp-json\/wp\/v2\/media?parent=282723"}],"wp:term":[{"taxonomy":"category","embeddable":true,"href":"https:\/\/www.europesays.com\/ch-fr\/wp-json\/wp\/v2\/categories?post=282723"},{"taxonomy":"post_tag","embeddable":true,"href":"https:\/\/www.europesays.com\/ch-fr\/wp-json\/wp\/v2\/tags?post=282723"}],"curies":[{"name":"wp","href":"https:\/\/api.w.org\/{rel}","templated":true}]}}