{"id":282745,"date":"2026-08-30T07:03:24","date_gmt":"2026-08-30T07:03:24","guid":{"rendered":"https:\/\/www.europesays.com\/ch-fr\/282745\/"},"modified":"2026-08-30T07:03:24","modified_gmt":"2026-08-30T07:03:24","slug":"des-cartes-perforees-a-lintelligence-artificielle-la-technologie-ne-cesse-de-transformer-le-secteur-bancaire-et-la-societe","status":"publish","type":"post","link":"https:\/\/www.europesays.com\/ch-fr\/282745\/","title":{"rendered":"Des cartes perfor\u00e9es \u00e0 l\u2019intelligence artificielle: la technologie ne cesse de transformer le secteur bancaire et la soci\u00e9t\u00e9"},"content":{"rendered":"<p>Savez-vous qui est la premi\u00e8re personne \u00e0 avoir utilis\u00e9 officiellement un bancomat en Suisse? La r\u00e9ponse est plut\u00f4t difficile \u00e0 trouver. M\u00eame ChatGPT n\u2019y arrive pas. Mais quelques indices existent. Cette transaction historique s\u2019est produite \u00e0 la Bahnhofstrasse 45 \u00e0 Zurich, \u00e0 quelque pas de la Paradeplatz, le c\u0153ur historique de la place financi\u00e8re de la ville au bord de la Limmat. C\u2019\u00e9tait le 1er\u00a0novembre 1967, devant le si\u00e8ge de la Soci\u00e9t\u00e9 de Banque Suisse (SBS), la pr\u00e9d\u00e9cesseure d\u2019UBS.<\/p>\n<p>Vous pouvez trouver la r\u00e9ponse en parcourant une petite exposition qui a ouvert ses portes ce mercredi \u00e0 Zurich, au si\u00e8ge d\u2019UBS. Au m\u00eame endroit o\u00f9 cette personne a retir\u00e9 200\u00a0francs il y a presque 60\u00a0ans. \u00abC\u2019est une jeune femme de 16 ou 17\u00a0ans. Nous savons uniquement qu\u2019il s\u2019agissait d\u2019une apprentie de la SBS\u00bb, relate Christian Leitz, un historien du groupe bancaire zurichois. Pourquoi cette employ\u00e9e a \u00e9t\u00e9 choisie restera un myst\u00e8re.<\/p>\n","protected":false},"excerpt":{"rendered":"Savez-vous qui est la premi\u00e8re personne \u00e0 avoir utilis\u00e9 officiellement un bancomat en Suisse? La r\u00e9ponse est plut\u00f4t&hellip;\n","protected":false},"author":2,"featured_media":282746,"comment_status":"","ping_status":"","sticky":false,"template":"","format":"standard","meta":{"footnotes":"","_share_on_mastodon":"0"},"categories":[4],"tags":[22,1148,44,2189,21,174,23],"class_list":["post-282745","post","type-post","status-publish","format-standard","has-post-thumbnail","category-actualites","tag-actualites","tag-banques","tag-economie","tag-innovation","tag-news","tag-premium","tag-suisse"],"share_on_mastodon":{"url":"https:\/\/pubeurope.com\/@ch_fr\/117183185292689498","error":""},"_links":{"self":[{"href":"https:\/\/www.europesays.com\/ch-fr\/wp-json\/wp\/v2\/posts\/282745","targetHints":{"allow":["GET"]}}],"collection":[{"href":"https:\/\/www.europesays.com\/ch-fr\/wp-json\/wp\/v2\/posts"}],"about":[{"href":"https:\/\/www.europesays.com\/ch-fr\/wp-json\/wp\/v2\/types\/post"}],"author":[{"embeddable":true,"href":"https:\/\/www.europesays.com\/ch-fr\/wp-json\/wp\/v2\/users\/2"}],"replies":[{"embeddable":true,"href":"https:\/\/www.europesays.com\/ch-fr\/wp-json\/wp\/v2\/comments?post=282745"}],"version-history":[{"count":0,"href":"https:\/\/www.europesays.com\/ch-fr\/wp-json\/wp\/v2\/posts\/282745\/revisions"}],"wp:featuredmedia":[{"embeddable":true,"href":"https:\/\/www.europesays.com\/ch-fr\/wp-json\/wp\/v2\/media\/282746"}],"wp:attachment":[{"href":"https:\/\/www.europesays.com\/ch-fr\/wp-json\/wp\/v2\/media?parent=282745"}],"wp:term":[{"taxonomy":"category","embeddable":true,"href":"https:\/\/www.europesays.com\/ch-fr\/wp-json\/wp\/v2\/categories?post=282745"},{"taxonomy":"post_tag","embeddable":true,"href":"https:\/\/www.europesays.com\/ch-fr\/wp-json\/wp\/v2\/tags?post=282745"}],"curies":[{"name":"wp","href":"https:\/\/api.w.org\/{rel}","templated":true}]}}