{"id":282751,"date":"2026-08-30T07:14:16","date_gmt":"2026-08-30T07:14:16","guid":{"rendered":"https:\/\/www.europesays.com\/ch-fr\/282751\/"},"modified":"2026-08-30T07:14:16","modified_gmt":"2026-08-30T07:14:16","slug":"lea-situation-la-chronique-de-pauline-delassus","status":"publish","type":"post","link":"https:\/\/www.europesays.com\/ch-fr\/282751\/","title":{"rendered":"L\u00e9a situation. La chronique de Pauline Delassus"},"content":{"rendered":"<p>Il y eut Anne Sinclair en 1997, B\u00e9atrice Sch\u00f6nberg en 2006, Marie Drucker en 2007, Audrey Pulvar et Val\u00e9rie Trierweiler en 2012. Des journalistes, brillantes et respect\u00e9es, soudainement mises de c\u00f4t\u00e9 pour ne pas g\u00eaner la carri\u00e8re politique de leur compagnon. \u00c0 chaque fois, c\u2019est la femme dans le couple qui prit sur elle de sortir de sc\u00e8ne, quand Dominique Strauss-Kahn, Jean-Louis Borloo, Fran\u00e7ois Baroin, Arnaud Montebourg et <a href=\"https:\/\/www.latribune.fr\/article\/la-tribune-dimanche\/politique\/56372183687449\/francois-hollande-sur-la-presidentielle-la-france-est-extremisee-entre-lextreme-droite-et-la-gauche-radicale\" target=\"_self\" article-id=\"56372183687449\" rel=\"nofollow noopener\">Fran\u00e7ois Hollande<\/a> poursuivaient leur route en pleine lumi\u00e8re.<\/p>\n<p>En 2026, L\u00e9a Salam\u00e9 fait de m\u00eame alors que <a href=\"https:\/\/www.latribune.fr\/article\/economie\/37036875724877\/heritage-la-bataille-fiscale-qui-s-invite-au-coeur-de-la-presidentielle\" target=\"_self\" article-id=\"37036875724877\" rel=\"nofollow noopener\">Rapha\u00ebl Glucksmann<\/a> vient d\u2019annoncer sa candidature \u00e0 l\u2019\u00e9lection supr\u00eame. Comme ses a\u00een\u00e9es avant elle, la pr\u00e9sentatrice du 20\u202fHeures de France\u202f2 explique renoncer momentan\u00e9ment \u00e0 son job par choix, comme elle l\u2019avait d\u00e9j\u00e0 d\u00e9cid\u00e9 en 2019 et partiellement en 2024, au moment des \u00e9lections europ\u00e9ennes lors desquelles Place publique, le parti de Glucksmann, pr\u00e9sentait une liste.<\/p>\n<p><a target=\"_self\" href=\"https:\/\/www.latribune.fr\/article\/la-tribune-dimanche\/politique\/89004273472998\/le-perimetre-est-adapte-pour-qu-il-gagne-raphael-glucksmann-met-le-cap-sur-la-primaire\" rel=\"nofollow noopener\"><\/p>\n<p class=\"text-[12px] mb-[12px] font-bold ltd:leading-[16px]\">A LIRE AUSSI<\/p>\n<p class=\"text-[20px] ac:text-[18px] leading-[120%] ac:leading-[130%] text-lt-primary-dark ac:text-ac-primary font-slab font-bold ltd:font-semibold ltd:tracking-[-0.4px] ac:font-ac-slab ltd:font-ltd-slab\">\u00ab Le p\u00e9rim\u00e8tre est adapt\u00e9 pour qu\u2019il gagne \u00bb : Rapha\u00ebl Glucksmann met le cap sur la primaire<\/p>\n<p><\/a><\/p>\n<p>\u00ab\u202fJ\u2019en avais pris l\u2019engagement d\u00e8s le premier jour et je m\u2019y tiens\u202f\u00bb, a-t-elle \u00e9crit sur Instagram lundi. \u00ab\u202fPartout o\u00f9 se tiendra la campagne, je m\u2019efface. [\u2026] Cette d\u00e9cision, prise en accord avec ma direction, est \u00e9vidente et difficile.\u202f\u00bb \u00c9vidente\u2009? Parce qu\u2019elle est la compagne d\u2019un pr\u00e9tendant \u00e0 <a href=\"https:\/\/www.latribune.fr\/article\/economie\/42384163826786\/dette-les-candidats-a-lelection-presidentielle-exposent-leurs-divergences-face-aux-patrons\" target=\"_self\" article-id=\"42384163826786\" rel=\"nofollow noopener\">la pr\u00e9sidentielle<\/a>, une journaliste, dont le professionnalisme est reconnu et l\u2019int\u00e9grit\u00e9 intacte, ne serait pas en mesure d\u2019exercer son m\u00e9tier correctement\u2009?<\/p>\n<p>Parce qu\u2019elle partage la vie d\u2019un homme politique, une femme embrasserait forc\u00e9ment ses opinions et d\u00e9fendrait obligatoirement ses id\u00e9es\u2009? Quatre-vingts ans apr\u00e8s que les femmes ont obtenu le droit de vote, pense-t-on toujours qu\u2019une \u00e9pouse glisse dans l\u2019urne le m\u00eame bulletin que son mari\u2009? Il faut croire que oui.<\/p>\n<p>Rapha\u00ebl Glucksmann \u00ab comprend \u00bb&#13;\n<\/p>\n<p>L\u00e9a Salam\u00e9 et Rapha\u00ebl Glucksmann forment un couple depuis une d\u00e9cennie et jamais celle qui fut onze ans \u00e0 la t\u00eate de la premi\u00e8re matinale radio du pays n\u2019a d\u00e9rog\u00e9 aux r\u00e8gles \u00e9thiques essentielles lorsque \u00e9lus et ministres sont venus \u00e0 son micro. Croire que ce ne serait plus le cas d\u2019ici au scrutin d\u2019avril\u202f2027 semble absurde. De sa d\u00e9cision, <a href=\"https:\/\/www.latribune.fr\/article\/la-tribune-dimanche\/politique\/29022394753351\/lea-salame-dira-ce-qu-elle-a-sur-le-coeur-mais-sans-pleurnicher-comment-la-presentatrice-va-se-retirer-du-20-heures\" target=\"_self\" article-id=\"29022394753351\" rel=\"nofollow noopener\">L\u00e9a Salam\u00e9<\/a> dit\u2009: \u00ab\u202fElle prot\u00e8ge d\u2019abord la r\u00e9daction de France T\u00e9l\u00e9visions, ce qui compte plus que tout \u00e0 mes yeux.\u202f\u00bb<\/p>\n<p>NewsletterMa Tribune<\/p>\n<p class=\"text-2xl mb-[16px]\">L\u2019actualit\u00e9 qui compte pour vous, chaque jour dans votre bo\u00eete mail.<\/p>\n<p>S&rsquo;inscrireS&rsquo;inscrireS&rsquo;inscrire<img alt=\"Illustration de la newsletter Ma Tribune\" loading=\"lazy\" decoding=\"async\" data-nimg=\"fill\" class=\"relative! rounded-xl\" style=\"position:absolute;height:100%;width:100%;left:0;top:0;right:0;bottom:0;object-fit:cover;color:transparent\"   src=\"https:\/\/www.europesays.com\/ch-fr\/wp-content\/uploads\/2026\/08\/1788074056_3_ma-tribune.png\"\/><\/p>\n<p>Je sais qu\u2019elle aurait \u00e9t\u00e9 parfaitement objective.<\/p>\n<p>Rapha\u00ebl Glucksmann, compagnon de L\u00e9a Salam\u00e9 et candidat a l\u2019\u00e9lection pr\u00e9sidentielle<\/p>\n<p>S\u2019il est manifeste que la pr\u00e9sentatrice aurait d\u00fb laisser la place \u00e0 son joker Jean-Baptiste Marteau les soirs o\u00f9 son compagnon aurait \u00e9t\u00e9 l\u2019invit\u00e9 du JT, il est d\u00e9solant qu\u2019elle soit soup\u00e7onn\u00e9e de mettre en danger sa d\u00e9ontologie ainsi que celle des journalistes de France\u202f2 les autres soirs.<\/p>\n<p>Rapha\u00ebl Glucksmann lui-m\u00eame, en 2019, quand L\u00e9a Salam\u00e9 se retirait de France Inter, d\u00e9clarait \u00e0 la t\u00e9l\u00e9vision\u2009: \u00ab\u202fPar f\u00e9minisme \u00e7a me pose un probl\u00e8me, mais je comprends sa d\u00e9cision. [\u2026] Ce qui est certain, c\u2019est que je sais qu\u2019elle aurait \u00e9t\u00e9 parfaitement objective.\u202f\u00bb Il parle alors d\u2019\u00ab\u202fun acte d\u2019amour incroyable\u202f\u00bb. Touchant, et pourtant navrant qu\u2019une professionnelle aguerrie soit ramen\u00e9e au d\u00e9vouement dont elle fait preuve \u00e0 l\u2019\u00e9gard de son concubin.<\/p>\n<p>Deux poids, deux mesures&#13;\n<\/p>\n<p>Un journaliste homme ferait-il de m\u00eame si sa compagne occupait des responsabilit\u00e9s politiques\u2009? C\u2019est arriv\u00e9 deux fois. En 2018, quand Roxana Maracineau est nomm\u00e9e ministre des Sports, son mari, Franck Ballanger, \u00e9minent journaliste sportif \u00e0 Radio France, est \u00e9cart\u00e9 des commentaires de matchs.<\/p>\n<p>On peine pourtant \u00e0 voir o\u00f9 aurait \u00e9t\u00e9 le conflit d\u2019int\u00e9r\u00eats\u2026 Trois ans plus tard, C\u00e9dric Beaudou, sp\u00e9cialiste du rugby \u00e0 France T\u00e9l\u00e9visions et \u00e9poux de la <a href=\"https:\/\/www.latribune.fr\/article\/la-tribune-dimanche\/opinions\/61435359157447\/opinion-pour-une-grande-epopee-de-la-jeunesse-par-le-sport-par-amelie-oudea-castera-thibaut-guilluy-maya-atig-et-jean-louis-borloo\" target=\"_self\" article-id=\"61435359157447\" rel=\"nofollow noopener\">ministre des Sports<\/a> Marie Barsacq, est, lui, rest\u00e9 \u00e0 l\u2019antenne.<\/p>\n<p><a target=\"_self\" href=\"https:\/\/www.latribune.fr\/article\/la-tribune-dimanche\/politique\/29022394753351\/lea-salame-dira-ce-qu-elle-a-sur-le-coeur-mais-sans-pleurnicher-comment-la-presentatrice-va-se-retirer-du-20-heures\" rel=\"nofollow noopener\"><\/p>\n<p class=\"text-[12px] mb-[12px] font-bold ltd:leading-[16px]\">A LIRE AUSSI<\/p>\n<p class=\"text-[20px] ac:text-[18px] leading-[120%] ac:leading-[130%] text-lt-primary-dark ac:text-ac-primary font-slab font-bold ltd:font-semibold ltd:tracking-[-0.4px] ac:font-ac-slab ltd:font-ltd-slab\">\u00ab L\u00e9a Salam\u00e9 dira ce qu\u2019elle a sur le c\u0153ur, mais sans pleurnicher \u00bb : comment la pr\u00e9sentatrice va se retirer du 20 heures de France 2<\/p>\n<p><\/a><\/p>\n<p>Lors de la pr\u00e9c\u00e9dente campagne pr\u00e9sidentielle, en 2021, quand est r\u00e9v\u00e9l\u00e9 que Thomas Sotto entretient une relation avec une conseill\u00e8re en communication du Premier ministre <a href=\"https:\/\/www.latribune.fr\/article\/transports\/transport-logistique\/61571134144951\/jean-castex-l-homme-fort-des-transports\" target=\"_self\" article-id=\"61571134144951\" rel=\"nofollow noopener\">Jean Castex<\/a>, le concern\u00e9 abandonne, \u00e0 regret, la pr\u00e9sentation d\u2019\u00e9missions politiques du service public. Il explique\u2009: \u00ab\u202fJe me dois de tenir compte de notre \u00e9poque, devenue tr\u00e8s violente et qui a tendance \u00e0 tout hyst\u00e9riser. La suspicion est g\u00e9n\u00e9ralis\u00e9e. Beaucoup de gens s\u2019\u00e9rigent en procureurs.\u202f\u00bb Une nouvelle fois, le renoncement de L\u00e9a Salam\u00e9 ne fait que donner des gages \u00e0 ceux-l\u00e0.<\/p>\n","protected":false},"excerpt":{"rendered":"Il y eut Anne Sinclair en 1997, B\u00e9atrice Sch\u00f6nberg en 2006, Marie Drucker en 2007, Audrey Pulvar et&hellip;\n","protected":false},"author":2,"featured_media":282752,"comment_status":"","ping_status":"","sticky":false,"template":"","format":"standard","meta":{"footnotes":"","_share_on_mastodon":"0"},"categories":[10],"tags":[449,113,112,2423,60913,23],"class_list":["post-282751","post","type-post","status-publish","format-standard","has-post-thumbnail","category-divertissement","tag-449","tag-divertissement","tag-entertainment","tag-la-tribune-dimanche","tag-lea-situation-la-chronique-de-pauline-delassus","tag-suisse"],"share_on_mastodon":{"url":"https:\/\/pubeurope.com\/@ch_fr\/117183229102350549","error":""},"_links":{"self":[{"href":"https:\/\/www.europesays.com\/ch-fr\/wp-json\/wp\/v2\/posts\/282751","targetHints":{"allow":["GET"]}}],"collection":[{"href":"https:\/\/www.europesays.com\/ch-fr\/wp-json\/wp\/v2\/posts"}],"about":[{"href":"https:\/\/www.europesays.com\/ch-fr\/wp-json\/wp\/v2\/types\/post"}],"author":[{"embeddable":true,"href":"https:\/\/www.europesays.com\/ch-fr\/wp-json\/wp\/v2\/users\/2"}],"replies":[{"embeddable":true,"href":"https:\/\/www.europesays.com\/ch-fr\/wp-json\/wp\/v2\/comments?post=282751"}],"version-history":[{"count":0,"href":"https:\/\/www.europesays.com\/ch-fr\/wp-json\/wp\/v2\/posts\/282751\/revisions"}],"wp:featuredmedia":[{"embeddable":true,"href":"https:\/\/www.europesays.com\/ch-fr\/wp-json\/wp\/v2\/media\/282752"}],"wp:attachment":[{"href":"https:\/\/www.europesays.com\/ch-fr\/wp-json\/wp\/v2\/media?parent=282751"}],"wp:term":[{"taxonomy":"category","embeddable":true,"href":"https:\/\/www.europesays.com\/ch-fr\/wp-json\/wp\/v2\/categories?post=282751"},{"taxonomy":"post_tag","embeddable":true,"href":"https:\/\/www.europesays.com\/ch-fr\/wp-json\/wp\/v2\/tags?post=282751"}],"curies":[{"name":"wp","href":"https:\/\/api.w.org\/{rel}","templated":true}]}}