{"id":282757,"date":"2026-08-30T07:19:32","date_gmt":"2026-08-30T07:19:32","guid":{"rendered":"https:\/\/www.europesays.com\/ch-fr\/282757\/"},"modified":"2026-08-30T07:19:32","modified_gmt":"2026-08-30T07:19:32","slug":"violences-domestiques-le-numerique-aggrave-les-abus","status":"publish","type":"post","link":"https:\/\/www.europesays.com\/ch-fr\/282757\/","title":{"rendered":"Violences domestiques : le num\u00e9rique aggrave les abus"},"content":{"rendered":"<p>Les outils num\u00e9riques sont de plus en plus utilis\u00e9s dans les violences domestiques. Un chauffage \u00e0 distance ou la cam\u00e9ra d&rsquo;un distributeur de croquettes connect\u00e9 peuvent devenir des instruments de violence et de contr\u00f4le. Plusieurs ressources existent pour y faire face.<\/p>\n<p>Une \u00e9tude australienne estime que 99,9% des victimes de violences domestiques sont \u00e9galement victimes de violences num\u00e9riques, appel\u00e9es &lsquo;tech abuse&rsquo;. En Suisse, il n&rsquo;existe pas encore d&rsquo;\u00e9tudes sp\u00e9cifiques d\u00e9di\u00e9es aux outils num\u00e9riques, car le sujet commence seulement \u00e0 \u00eatre th\u00e9matis\u00e9. Ces violences sont toutefois bel et bien effectives.<\/p>\n<p>Morgane Bonvallat, coordinatrice Suisse romande de Tech Against Violence, explique dans l&rsquo;\u00e9mission On en parle que ces violences sont rendues possibles par des moyens num\u00e9riques toujours plus puissants, plus nombreux et toujours plus faciles d&rsquo;utilisation.<\/p>\n<p>&gt;&gt; Lire \u00e9galement\u00a0: <a href=\"https:\/\/www.rts.ch\/info\/societe\/2025\/article\/maltraitances-relationnelles-nouveau-lexique-pour-denoncer-les-abus-amoureux-29078487.html\" data-item-id=\"richtext_link\" rel=\"nofollow noopener\" target=\"_blank\">Ghosting, love-bombing&#8230; le nouveau lexique amoureux r\u00e9v\u00e8le des maltraitances relationnelles<\/a><\/p>\n<p>\u00ab\u00a0Dans les faits, \u00e7a se traduit par du contr\u00f4le et de la surveillance \u00e0 travers le contr\u00f4le de comptes de r\u00e9seaux sociaux ou de mail parce qu&rsquo;on partage son mot de passe. L&rsquo;utilisation de la g\u00e9olocalisation permet \u00e9galement de savoir o\u00f9 est la personne.\u00a0\u00c7a peut aussi \u00eatre le harc\u00e8lement par les diff\u00e9rentes plateformes qui sont \u00e0 disposition. Il peut par ailleurs y avoir des violences \u00e9conomiques, puisque les applications de banques permettent de faciliter le contr\u00f4le sur les transactions\u00a0\u00bb, liste Morgane Bonvallat.<\/p>\n<p> &gt;&gt; Ecouter l&rsquo;interview de Morgane Bonvallat dans On en parle\u00a0:    Tech Against Violence: comment lutter contre les violences num\u00e9riques? \/ On en parle \/ 10 min. \/ mardi \u00e0 08:36 Un contr\u00f4le constant<\/p>\n<p>La g\u00e9n\u00e9ralisation de la domotique accro\u00eet les possibilit\u00e9s de violences. \u00ab\u00a0Les nouveaux aspirateurs, par exemple, peuvent \u00eatre enclench\u00e9s \u00e0 distance, comme la vid\u00e9o ou le contr\u00f4le vocal.\u00a0Vous pouvez parler \u00e0 travers l&rsquo;aspirateur, le lancer au milieu de la nuit\u00a0\u00bb, observe Morgane Bonvallat.<\/p>\n<p class=\"q-text\">De la m\u00eame mani\u00e8re qu&rsquo;on ferme la porte de chez soi \u00e0 cl\u00e9, on ferme aussi la porte des acc\u00e8s \u00e0 ses comptes<\/p>\n<p>  Morgane Bonvallat, coordinatrice Suisse romande de Tech Against Violence <\/p>\n<p>Elle cite des situations o\u00f9 des personnes ont toujours acc\u00e8s au contr\u00f4le du chauffage de leur ex-partenaire. \u00ab\u00a0On peut changer \u00e0 tout moment la temp\u00e9rature de la maison, passer du tr\u00e8s froid au tr\u00e8s chaud.\u00a0\u00c7a peut para\u00eetre anodin, mais en fait, psychologiquement, \u00e7a fait subir comme un contr\u00f4le constant sur l&rsquo;intimit\u00e9 de la personne, sur le lieu qui est cens\u00e9 \u00eatre s\u00e9curis\u00e9.\u00a0\u00bb<\/p>\n<p>La notion d&rsquo;intimit\u00e9<\/p>\n<p>Plusieurs possibilit\u00e9s existent pour se prot\u00e9ger contre ces abus. \u00ab\u00a0Ce n&rsquo;est jamais la faute de la personne qui subit ces violences\u00a0\u00bb, tient \u00e0 rappeler Morgane Bonvallat. Elle propose de r\u00e9interroger la notion d&rsquo;intimit\u00e9.<\/p>\n<p class=\"q-text\">Est-ce qu&rsquo;on a besoin d&rsquo;autant d&rsquo;appareils connect\u00e9s \u00e0 la maison?<\/p>\n<p>  Morgane Bonvallat, coordinatrice Suisse romande de Tech Against Violence <\/p>\n<p>\u00ab\u00a0Les mots de passe donnent acc\u00e8s \u00e0 des aspects gigantesques de soi, que ce soit au travail ou dans la vie priv\u00e9e.\u00a0On ne les donne donc pas. De la m\u00eame mani\u00e8re qu&rsquo;on ferme la porte de chez soi \u00e0 cl\u00e9, on ferme aussi la porte des acc\u00e8s \u00e0 ses comptes.\u00a0Dans la m\u00eame id\u00e9e, pourquoi partager sa localisation avec son ou sa partenaire?\u00a0Quel est le but? Il faut se poser ces questions.\u00a0\u00bb<\/p>\n<p> <img decoding=\"async\" src=\"https:\/\/www.europesays.com\/ch-fr\/wp-content\/uploads\/2026\/08\/33dca48b-29338912.image.jpeg\" alt=\"Un robot aspirateur. [Pixabay - DR]\" title=\"Un robot aspirateur. [Pixabay - DR]\" loading=\"lazy\"\/>  Un robot aspirateur. [Pixabay &#8211; DR] <\/p>\n<p>En ce qui concerne la prise de contr\u00f4le des objets connect\u00e9s, comme les aspirateurs ou le chauffage \u00e0 distance, Morgane Bonvallat pr\u00e9conise d&rsquo;\u00e9teindre et de d\u00e9brancher les appareils. \u00ab\u00a0Ensuite, lorsque vous les r\u00e9utilisez, il faut changer le compte.\u00a0Il faut \u00e9galement changer le mot de passe du wifi, \u00e7a permet vraiment de s\u00e9curiser ses appareils.\u00a0Et puis se poser la question: est-ce qu&rsquo;on a besoin d&rsquo;autant d&rsquo;appareils connect\u00e9s \u00e0 la maison?\u00a0\u00bb, conclut-elle.<\/p>\n<p> &gt;&gt; Revoir le reportage de Temps Pr\u00e9sent sur les violence domestiques\u00a0:   <img decoding=\"async\" class=\"embed-responsive-item\" loading=\"lazy\" src=\"https:\/\/www.europesays.com\/ch-fr\/wp-content\/uploads\/2026\/08\/e7uup6-29263955.image.jpeg\" alt=\"Violences domestiques, l\u2019urgence de fuir\"\/>    Violences domestiques, l\u2019urgence de fuir \/ Temps pr\u00e9sent \/ 48 min. \/ le 4 juin 2026 <\/p>\n<p>&gt;&gt; Lire aussi\u00a0: <a href=\"https:\/\/www.rts.ch\/info\/societe\/2026\/article\/je-serai-libre-quand-il-sera-mort-le-long-calvaire-des-femmes-qui-fuient-les-violences-conjugales-29263949.html\" data-item-id=\"richtext_link\" rel=\"nofollow noopener\" target=\"_blank\">\u00ab\u00a0Je serai libre quand il sera mort\u00a0\u00bb: le long calvaire des femmes qui fuient les violences conjugales<\/a><\/p>\n<p class=\"sources\">Propos recueillis par Muriel M\u00e9rat<\/p>\n<p class=\"credit\">Article web Antoine Schaub<\/p>\n","protected":false},"excerpt":{"rendered":"Les outils num\u00e9riques sont de plus en plus utilis\u00e9s dans les violences domestiques. Un chauffage \u00e0 distance ou&hellip;\n","protected":false},"author":2,"featured_media":282758,"comment_status":"","ping_status":"","sticky":false,"template":"","format":"standard","meta":{"footnotes":"","_share_on_mastodon":"0"},"categories":[5],"tags":[502,3686,1168,503,504,40,1431,3522,238,1067,1644,1645,41,42],"class_list":["post-282757","post","type-post","status-publish","format-standard","has-post-thumbnail","category-international","tag-agression","tag-camera","tag-chauffage","tag-criminalite","tag-droit-et-justice","tag-international","tag-numerique","tag-ressource","tag-societe","tag-technologie","tag-violence","tag-violence-domestique","tag-world","tag-world-news"],"share_on_mastodon":{"url":"https:\/\/pubeurope.com\/@ch_fr\/117183248721952856","error":""},"_links":{"self":[{"href":"https:\/\/www.europesays.com\/ch-fr\/wp-json\/wp\/v2\/posts\/282757","targetHints":{"allow":["GET"]}}],"collection":[{"href":"https:\/\/www.europesays.com\/ch-fr\/wp-json\/wp\/v2\/posts"}],"about":[{"href":"https:\/\/www.europesays.com\/ch-fr\/wp-json\/wp\/v2\/types\/post"}],"author":[{"embeddable":true,"href":"https:\/\/www.europesays.com\/ch-fr\/wp-json\/wp\/v2\/users\/2"}],"replies":[{"embeddable":true,"href":"https:\/\/www.europesays.com\/ch-fr\/wp-json\/wp\/v2\/comments?post=282757"}],"version-history":[{"count":0,"href":"https:\/\/www.europesays.com\/ch-fr\/wp-json\/wp\/v2\/posts\/282757\/revisions"}],"wp:featuredmedia":[{"embeddable":true,"href":"https:\/\/www.europesays.com\/ch-fr\/wp-json\/wp\/v2\/media\/282758"}],"wp:attachment":[{"href":"https:\/\/www.europesays.com\/ch-fr\/wp-json\/wp\/v2\/media?parent=282757"}],"wp:term":[{"taxonomy":"category","embeddable":true,"href":"https:\/\/www.europesays.com\/ch-fr\/wp-json\/wp\/v2\/categories?post=282757"},{"taxonomy":"post_tag","embeddable":true,"href":"https:\/\/www.europesays.com\/ch-fr\/wp-json\/wp\/v2\/tags?post=282757"}],"curies":[{"name":"wp","href":"https:\/\/api.w.org\/{rel}","templated":true}]}}