{"id":282763,"date":"2026-08-30T07:27:07","date_gmt":"2026-08-30T07:27:07","guid":{"rendered":"https:\/\/www.europesays.com\/ch-fr\/282763\/"},"modified":"2026-08-30T07:27:07","modified_gmt":"2026-08-30T07:27:07","slug":"polemique-gisele-paris-la-fete-de-lena-situations-percutee-par-gaza","status":"publish","type":"post","link":"https:\/\/www.europesays.com\/ch-fr\/282763\/","title":{"rendered":"Pol\u00e9mique Gis\u00e8le Paris : la f\u00eate de Lena Situations percut\u00e9e par Gaza"},"content":{"rendered":"<p>La sc\u00e8ne de l\u2019Accor Arena a vu d\u00e9filer les plus grandes stars du monde, de <a href=\"https:\/\/www.latribune.fr\/article\/la-tribune-dimanche\/culture-lifestyle\/14036602599268\/avec-confessions-ii-madonna-renoue-avec-ses-racines-dance-et-disco\" target=\"_self\" article-id=\"14036602599268\" rel=\"nofollow noopener\">Madonna<\/a> \u00e0 U2. Lundi 31 ao\u00fbt au soir, Lena Situations y r\u00e9unira face \u00e0 elle 20.000 personnes venues c\u00e9l\u00e9brer les 10\u202fans de ses \u00ab\u202fvlogs d\u2019ao\u00fbt\u202f\u00bb, ces vid\u00e9os publi\u00e9es chaque \u00e9t\u00e9 dans lesquelles elle raconte son quotidien, son shopping et ses faux suspenses avec ses amis. Sur sc\u00e8ne, la jeune femme de 28\u202fans devrait faire le show, entour\u00e9e de proches, <a href=\"https:\/\/www.latribune.fr\/economie\/international\/les-influenceurs-sont-ils-encore-de-bons-vendeurs-1028815.html\" target=\"_self\" article-id=\"12986289550029\" rel=\"nofollow noopener\">influenceurs<\/a> et artistes, dont Bilal Hassani, pour clore ces dix saisons qui ont fa\u00e7onn\u00e9 son ascension jusqu\u2019\u00e0 faire d\u2019elle l\u2019une des influenceuses les plus puissantes au monde.<\/p>\n<p>Mais l\u2019ambiance a \u00e9t\u00e9 un peu g\u00e2ch\u00e9e ces derniers jours. Dans ces vlogs diffus\u00e9s sur sa cha\u00eene <a href=\"https:\/\/www.latribune.fr\/technos-medias\/internet\/l-incroyable-succes-de-youtube-en-france-en-3-chiffres-937154.html\" target=\"_self\" article-id=\"93737272915927\" rel=\"nofollow noopener\">YouTube<\/a>, suivie par plus de 3,2\u202fmillions d\u2019abonn\u00e9s, appara\u00eet Gis\u00e8le Journo, jeune femme de 26\u202fans qui dirige l\u2019agence d\u2019influence Gis\u00e8le Paris.<\/p>\n<p><a target=\"_self\" href=\"https:\/\/www.latribune.fr\/article\/economie\/international\/35796678042603\/17-du-pib-le-cout-colossal-de-la-guerre-pour-israel\" rel=\"nofollow noopener\"><\/p>\n<p class=\"text-[12px] mb-[12px] font-bold ltd:leading-[16px]\">A LIRE AUSSI<\/p>\n<p class=\"text-[20px] ac:text-[18px] leading-[120%] ac:leading-[130%] text-lt-primary-dark ac:text-ac-primary font-slab font-bold ltd:font-semibold ltd:tracking-[-0.4px] ac:font-ac-slab ltd:font-ltd-slab\">17 % du PIB : le co\u00fbt colossal de la guerre pour Isra\u00ebl<\/p>\n<p><\/a><\/p>\n<p>Cette derni\u00e8re a \u00e9t\u00e9 prise pour cible par des centaines d\u2019internautes, qui ont exhum\u00e9 des posts <a href=\"https:\/\/www.latribune.fr\/article\/banques-finance\/industrie-financiere\/11759806839708\/74-des-videos-financieres-virales-sur-tiktok-viennent-dinfluenceurs-sans-qualification\" target=\"_self\" article-id=\"11759806839708\" rel=\"nofollow noopener\">TikTok<\/a> datant de 2024 et 2025, dont une vid\u00e9o rendant hommage \u00e0 un soldat isra\u00e9lien d\u00e9c\u00e9d\u00e9 lors des attaques du 7\u202foctobre 2023, une autre du chanteur isra\u00e9lien Omer Adam, soutien de Tsahal, ou encore l\u2019image d\u2019un drapeau isra\u00e9lien d\u00e9ploy\u00e9 devant le mur des Lamentations \u00e0 J\u00e9rusalem.<\/p>\n<p>\u00ab \u00c9viction \u00e9conomique \u00bb&#13;\n<\/p>\n<p>Rapidement, l\u2019agence Gis\u00e8le Paris assure sur Instagram ne \u00ab jamais\u202f\u00bb avoir \u00ab\u202fsoutenu ni cautionn\u00e9 la mort de civils <a href=\"https:\/\/www.latribune.fr\/article\/idees\/50216715733330\/opinion-occupation-illegale-du-territoire-palestinien-occupe-la-france-a-encore-des-moyens-dagir\" target=\"_self\" article-id=\"50216715733330\" rel=\"nofollow noopener\">palestiniens<\/a>\u202f\u00bb, ajoutant que l\u2019entreprise \u00ab\u202fn\u2019a pas vocation \u00e0 prendre des positions politiques\u202f\u00bb. La d\u00e9fense de Gis\u00e8le Journo argue aussi que le soldat sur la vid\u00e9o en question \u00e9tait le mari de l\u2019une de ses amies.<\/p>\n","protected":false},"excerpt":{"rendered":"La sc\u00e8ne de l\u2019Accor Arena a vu d\u00e9filer les plus grandes stars du monde, de Madonna \u00e0 U2.&hellip;\n","protected":false},"author":2,"featured_media":282764,"comment_status":"","ping_status":"","sticky":false,"template":"","format":"standard","meta":{"footnotes":"","_share_on_mastodon":"0"},"categories":[15],"tags":[449,60914,158,157,113,112,2423,159,23],"class_list":["post-282763","post","type-post","status-publish","format-standard","has-post-thumbnail","category-people","tag-449","tag-affaire-gisele-journo-la-fete-de-lena-situations-percutee-par-gaza","tag-celebrities","tag-celebrity","tag-divertissement","tag-entertainment","tag-la-tribune-dimanche","tag-people","tag-suisse"],"share_on_mastodon":{"url":"https:\/\/pubeurope.com\/@ch_fr\/117183279735380554","error":""},"_links":{"self":[{"href":"https:\/\/www.europesays.com\/ch-fr\/wp-json\/wp\/v2\/posts\/282763","targetHints":{"allow":["GET"]}}],"collection":[{"href":"https:\/\/www.europesays.com\/ch-fr\/wp-json\/wp\/v2\/posts"}],"about":[{"href":"https:\/\/www.europesays.com\/ch-fr\/wp-json\/wp\/v2\/types\/post"}],"author":[{"embeddable":true,"href":"https:\/\/www.europesays.com\/ch-fr\/wp-json\/wp\/v2\/users\/2"}],"replies":[{"embeddable":true,"href":"https:\/\/www.europesays.com\/ch-fr\/wp-json\/wp\/v2\/comments?post=282763"}],"version-history":[{"count":0,"href":"https:\/\/www.europesays.com\/ch-fr\/wp-json\/wp\/v2\/posts\/282763\/revisions"}],"wp:featuredmedia":[{"embeddable":true,"href":"https:\/\/www.europesays.com\/ch-fr\/wp-json\/wp\/v2\/media\/282764"}],"wp:attachment":[{"href":"https:\/\/www.europesays.com\/ch-fr\/wp-json\/wp\/v2\/media?parent=282763"}],"wp:term":[{"taxonomy":"category","embeddable":true,"href":"https:\/\/www.europesays.com\/ch-fr\/wp-json\/wp\/v2\/categories?post=282763"},{"taxonomy":"post_tag","embeddable":true,"href":"https:\/\/www.europesays.com\/ch-fr\/wp-json\/wp\/v2\/tags?post=282763"}],"curies":[{"name":"wp","href":"https:\/\/api.w.org\/{rel}","templated":true}]}}