{"id":282823,"date":"2026-08-30T08:25:10","date_gmt":"2026-08-30T08:25:10","guid":{"rendered":"https:\/\/www.europesays.com\/ch-fr\/282823\/"},"modified":"2026-08-30T08:25:10","modified_gmt":"2026-08-30T08:25:10","slug":"les-lyonnais-invites-au-parc-de-la-tete-dor-a-se-faire-prendre-en-photo-par-un-celebre-photographe","status":"publish","type":"post","link":"https:\/\/www.europesays.com\/ch-fr\/282823\/","title":{"rendered":"Les Lyonnais invit\u00e9s au parc de la T\u00eate d&rsquo;Or \u00e0 se faire prendre en photo par un c\u00e9l\u00e8bre photographe"},"content":{"rendered":"<p>                    Par<\/p>\n<p>            <a href=\"https:\/\/actu.fr\/auteur\/sarah-boana\" title=\"Consulter tous les articles de Sarah Boana\" rel=\"nofollow noopener\" target=\"_blank\">Sarah Boana<\/a><\/p>\n<p>        Publi\u00e9 le<\/p>\n<p>            30 ao\u00fbt 2026 \u00e0 6h32        <\/p>\n<p>Rendu c\u00e9l\u00e8bre pour sa s\u00e9rie de photos La Terre vue du ciel, le photographe fran\u00e7ais mondialement connu Yann Arthus-Bertrand va poser son studio photo le temps d\u2019un week-end, du 18 au 20 septembre, au parc de <a href=\"https:\/\/actu.fr\/auvergne-rhone-alpes\/lyon_69123\/la-question-pas-si-bete-pourquoi-le-parc-de-la-tete-d-or-de-lyon-s-appelle-comme-ca_48531792.html\" rel=\"nofollow noopener\" target=\"_blank\">la T\u00eate d\u2019Or,<\/a> dans le 6\u1d49 arrondissement de <a href=\"https:\/\/actu.fr\/lyon\/\" rel=\"nofollow noopener\" target=\"_blank\">Lyon<\/a>, \u00e0 l\u2019occasion de la r\u00e9ouverture du Chalet du Parc.<\/p>\n<p class=\" wall-content\">Les Lyonnais sont invit\u00e9s \u00e0 passer devant l\u2019objectif pour se faire photographier dans le cadre de son projet \u00ab Vivre ensemble \u00bb. L\u2019artiste arpente les villes de France pour r\u00e9aliser une fresque humaine et constituer une exposition avec les portraits des habitants.<\/p>\n<p class=\" wall-content\"><a href=\"https:\/\/www.instagram.com\/reel\/DbkibF3jXC8\/embed\" title=\"Ouvrir le lien sur Instagram\" rel=\"nofollow noopener\" target=\"_blank\">Visualiser le contenu sur Instagram<\/a><\/p>\n<p class=\" wall-content\">Les s\u00e9ances sont gratuites et en libre acc\u00e8s sur place. Il est \u00e9galement possible d\u2019acheter un pass annuel \u00e0 10 \u20ac qui permettra d\u2019\u00e9viter la queue gr\u00e2ce \u00e0 un cr\u00e9neau d\u00e9di\u00e9, tout en acc\u00e9dant pendant un an aux expositions et activit\u00e9s culturelles du Chalet.<\/p>\n<p class=\" wall-content\">Les Lyonnais peuvent venir en groupe pour \u00eatre photographi\u00e9s, que ce soit entre amis ou en famille et m\u00eame avec les animaux de compagnie.<\/p>\n<p>La r\u00e9ouverture qui doit faire ses preuves<\/p>\n<p class=\" wall-content\">Cet \u00e9v\u00e9nement marquera <a href=\"https:\/\/actu.fr\/auvergne-rhone-alpes\/lyon_69123\/lyon-voici-ce-que-va-devenir-ce-grand-batiment-abandonne-du-parc-de-la-tete-d-or_55083879.html\" rel=\"nofollow noopener\" target=\"_blank\">le week-end inaugural du Chalet du Parc<\/a>, ferm\u00e9 depuis dix ans. Ce lieu a pu b\u00e9n\u00e9ficier d\u2019un second souffle gr\u00e2ce \u00e0 plusieurs acteurs, dont GoodPlanet, la fondation de Yann Arthus-Bertrand, Youse, La Fabuleuse Cantine et la Maison Gutenberg. Toutefois, la poursuite de ce projet avait suscit\u00e9 de nombreuses interrogations et de la m\u00e9fiance, notamment quant \u00e0 sa viabilit\u00e9 \u00e9conomique.<\/p>\n<p class=\" wall-content\">Personnalisez votre actualit\u00e9 en ajoutant vos villes et m\u00e9dias en favori avec <a href=\"https:\/\/moncompte.actu.fr\" title=\"D\u00e9couvez Mon Actu\" rel=\"nofollow noopener\" data-trk=\"{&quot;cta&quot;:{&quot;action&quot;:&quot;https:\\\/\\\/moncompte.actu.fr&quot;,&quot;category&quot;:&quot;mon compte&quot;,&quot;from&quot;:&quot;article footer&quot;,&quot;name&quot;:&quot;Mon actu&quot;,&quot;type&quot;:&quot;cta&quot;}}\" target=\"_blank\">Mon Actu<\/a>.<\/p>\n<p>                    <script async src=\"\/\/www.instagram.com\/embed.js\"><\/script><\/p>\n","protected":false},"excerpt":{"rendered":"Par Sarah Boana Publi\u00e9 le 30 ao\u00fbt 2026 \u00e0 6h32 Rendu c\u00e9l\u00e8bre pour sa s\u00e9rie de photos La&hellip;\n","protected":false},"author":2,"featured_media":282824,"comment_status":"","ping_status":"","sticky":false,"template":"","format":"standard","meta":{"footnotes":"","_share_on_mastodon":"0"},"categories":[14],"tags":[155,156,113,112,60944,755,238,23],"class_list":["post-282823","post","type-post","status-publish","format-standard","has-post-thumbnail","category-arts-et-design","tag-arts-and-design","tag-arts-et-design","tag-divertissement","tag-entertainment","tag-parc-de-la-tete-dor","tag-photographie","tag-societe","tag-suisse"],"share_on_mastodon":{"url":"https:\/\/pubeurope.com\/@ch_fr\/117183507606385356","error":""},"_links":{"self":[{"href":"https:\/\/www.europesays.com\/ch-fr\/wp-json\/wp\/v2\/posts\/282823","targetHints":{"allow":["GET"]}}],"collection":[{"href":"https:\/\/www.europesays.com\/ch-fr\/wp-json\/wp\/v2\/posts"}],"about":[{"href":"https:\/\/www.europesays.com\/ch-fr\/wp-json\/wp\/v2\/types\/post"}],"author":[{"embeddable":true,"href":"https:\/\/www.europesays.com\/ch-fr\/wp-json\/wp\/v2\/users\/2"}],"replies":[{"embeddable":true,"href":"https:\/\/www.europesays.com\/ch-fr\/wp-json\/wp\/v2\/comments?post=282823"}],"version-history":[{"count":0,"href":"https:\/\/www.europesays.com\/ch-fr\/wp-json\/wp\/v2\/posts\/282823\/revisions"}],"wp:featuredmedia":[{"embeddable":true,"href":"https:\/\/www.europesays.com\/ch-fr\/wp-json\/wp\/v2\/media\/282824"}],"wp:attachment":[{"href":"https:\/\/www.europesays.com\/ch-fr\/wp-json\/wp\/v2\/media?parent=282823"}],"wp:term":[{"taxonomy":"category","embeddable":true,"href":"https:\/\/www.europesays.com\/ch-fr\/wp-json\/wp\/v2\/categories?post=282823"},{"taxonomy":"post_tag","embeddable":true,"href":"https:\/\/www.europesays.com\/ch-fr\/wp-json\/wp\/v2\/tags?post=282823"}],"curies":[{"name":"wp","href":"https:\/\/api.w.org\/{rel}","templated":true}]}}