{"id":282939,"date":"2026-08-30T10:27:14","date_gmt":"2026-08-30T10:27:14","guid":{"rendered":"https:\/\/www.europesays.com\/ch-fr\/282939\/"},"modified":"2026-08-30T10:27:14","modified_gmt":"2026-08-30T10:27:14","slug":"relancer-les-negociations-en-vue-dune-eventuelle-adhesion-a-lue-pour-les-islandais-cest-nei","status":"publish","type":"post","link":"https:\/\/www.europesays.com\/ch-fr\/282939\/","title":{"rendered":"Relancer les n\u00e9gociations en vue d&rsquo;une \u00e9ventuelle adh\u00e9sion \u00e0 l&rsquo;UE? Pour les Islandais, c&rsquo;est \u00abNei!\u00bb"},"content":{"rendered":"<p>    R\u00e9sum\u00e9 en 20 secondes<\/p>\n<p>        En savoir plus sur ce type de contenu<\/p>\n<p>Ce r\u00e9sum\u00e9 peut avoir \u00e9t\u00e9 \u00e9crit avec l&rsquo;assistance d\u2019une IA g\u00e9n\u00e9rative. <a href=\"https:\/\/www.letemps.ch\/cyber\/l-usage-de-l-ia-generative-par-les-journalistes-du-temps\" rel=\"nofollow noopener\" target=\"_blank\">En savoir plus<\/a><\/p>\n<p class=\"article__abstract-call-to-action\" data-ariato=\"TrackableElement\" data-trackable-element-type=\"article_abstract_cta\" data-trackable-element-location=\"article_header\" data-trackable-element-id=\"541064\">\n        <a data-event=\"click-&gt;clicked\" href=\"https:\/\/www.letemps.ch\/abonnements\" rel=\"nofollow noopener\" target=\"_blank\">Abonnez-vous<\/a> pour acc\u00e9der au r\u00e9sum\u00e9 en 20 secondes.\n      <\/p>\n<p>Le non l&rsquo;a emport\u00e9. Les Islandais ont, \u00e0 une majorit\u00e9 de 52,8% contre 47,2, indiqu\u00e9 samedi qu&rsquo;ils ne souhaitaient pas relancer les n\u00e9gociations en vue d&rsquo;une \u00e9ventuelle adh\u00e9sion \u00e0 l&rsquo;UE. Le dossier n&rsquo;est pas d\u00e9finitivement enterr\u00e9. Mais bien enfoui. Pour Bruxelles, qui suivait ce r\u00e9f\u00e9rendum de pr\u00e8s et avec beaucoup d&rsquo;int\u00e9r\u00eat, c&rsquo;est un mauvais signal. Les pr\u00e9occupations relatives aux quotas de p\u00eache, \u00e0 l&rsquo;identit\u00e9 et \u00e0 la souverainet\u00e9 nationales ont domin\u00e9.<\/p>\n<p>D\u00e9j\u00e0 membre de l&rsquo;Espace Economique Europ\u00e9en (EEE) et de Schengen, l&rsquo;Islande, pays riche de 400 000 habitants et sans arm\u00e9e, applique de fait d\u00e9j\u00e0 de nombreuses r\u00e8gles de l&rsquo;UE. En restant \u00e0 l&rsquo;\u00e9cart des politiques communes d&rsquo;agriculture et de p\u00eache, piliers du pays.<\/p>\n","protected":false},"excerpt":{"rendered":"R\u00e9sum\u00e9 en 20 secondes En savoir plus sur ce type de contenu Ce r\u00e9sum\u00e9 peut avoir \u00e9t\u00e9 \u00e9crit&hellip;\n","protected":false},"author":2,"featured_media":282940,"comment_status":"","ping_status":"","sticky":false,"template":"","format":"standard","meta":{"footnotes":"","_share_on_mastodon":"0"},"categories":[5],"tags":[801,223,222,243,40,174,226,245,41,42],"class_list":["post-282939","post","type-post","status-publish","format-standard","has-post-thumbnail","category-international","tag-commerce","tag-donald-trump","tag-etats-unis","tag-europe","tag-international","tag-premium","tag-securite","tag-union-europeenne","tag-world","tag-world-news"],"share_on_mastodon":{"url":"https:\/\/pubeurope.com\/@ch_fr\/117183987613698178","error":""},"_links":{"self":[{"href":"https:\/\/www.europesays.com\/ch-fr\/wp-json\/wp\/v2\/posts\/282939","targetHints":{"allow":["GET"]}}],"collection":[{"href":"https:\/\/www.europesays.com\/ch-fr\/wp-json\/wp\/v2\/posts"}],"about":[{"href":"https:\/\/www.europesays.com\/ch-fr\/wp-json\/wp\/v2\/types\/post"}],"author":[{"embeddable":true,"href":"https:\/\/www.europesays.com\/ch-fr\/wp-json\/wp\/v2\/users\/2"}],"replies":[{"embeddable":true,"href":"https:\/\/www.europesays.com\/ch-fr\/wp-json\/wp\/v2\/comments?post=282939"}],"version-history":[{"count":0,"href":"https:\/\/www.europesays.com\/ch-fr\/wp-json\/wp\/v2\/posts\/282939\/revisions"}],"wp:featuredmedia":[{"embeddable":true,"href":"https:\/\/www.europesays.com\/ch-fr\/wp-json\/wp\/v2\/media\/282940"}],"wp:attachment":[{"href":"https:\/\/www.europesays.com\/ch-fr\/wp-json\/wp\/v2\/media?parent=282939"}],"wp:term":[{"taxonomy":"category","embeddable":true,"href":"https:\/\/www.europesays.com\/ch-fr\/wp-json\/wp\/v2\/categories?post=282939"},{"taxonomy":"post_tag","embeddable":true,"href":"https:\/\/www.europesays.com\/ch-fr\/wp-json\/wp\/v2\/tags?post=282939"}],"curies":[{"name":"wp","href":"https:\/\/api.w.org\/{rel}","templated":true}]}}