{"id":282965,"date":"2026-08-30T10:49:07","date_gmt":"2026-08-30T10:49:07","guid":{"rendered":"https:\/\/www.europesays.com\/ch-fr\/282965\/"},"modified":"2026-08-30T10:49:07","modified_gmt":"2026-08-30T10:49:07","slug":"il-y-a-550-ans-le-triomphe-de-limperialisme-bernois-a-grandson-et-morat-dessinait-les-contours-de-la-future-suisse","status":"publish","type":"post","link":"https:\/\/www.europesays.com\/ch-fr\/282965\/","title":{"rendered":"Il y a 550\u00a0ans, le triomphe de l\u2019imp\u00e9rialisme bernois \u00e0 Grandson et Morat dessinait les contours de la future Suisse"},"content":{"rendered":"<p>    R\u00e9sum\u00e9 en 20 secondes<\/p>\n<p>        En savoir plus sur ce type de contenu<\/p>\n<p>Ce r\u00e9sum\u00e9 peut avoir \u00e9t\u00e9 \u00e9crit avec l&rsquo;assistance d\u2019une IA g\u00e9n\u00e9rative. <a href=\"https:\/\/www.letemps.ch\/cyber\/l-usage-de-l-ia-generative-par-les-journalistes-du-temps\" rel=\"nofollow noopener\" target=\"_blank\">En savoir plus<\/a><\/p>\n<p class=\"article__abstract-call-to-action\" data-ariato=\"TrackableElement\" data-trackable-element-type=\"article_abstract_cta\" data-trackable-element-location=\"article_header\" data-trackable-element-id=\"541067\">\n        <a data-event=\"click-&gt;clicked\" href=\"https:\/\/www.letemps.ch\/abonnements\" rel=\"nofollow noopener\" target=\"_blank\">Abonnez-vous<\/a> pour acc\u00e9der au r\u00e9sum\u00e9 en 20 secondes.\n      <\/p>\n<p>En Suisse, on a longtemps retenu cette version de l\u2019histoire des batailles de Grandson et de Morat en 1476: agress\u00e9s par Charles le T\u00e9m\u00e9raire, les Suisses mirent une bonne racl\u00e9e aux Fran\u00e7ais. Avec cette le\u00e7on: des combattants primitifs descendus de leurs montagnes ont terrass\u00e9 un tyran arm\u00e9 des derni\u00e8res technologies militaires dans un geste attestant le courage et la volont\u00e9 d\u2019ind\u00e9pendance d\u2019un peuple \u00e9pris de libert\u00e9 et prot\u00e9g\u00e9 par Dieu. \u00abTout est faux dans ce r\u00e9cit\u00bb, explique Camille Verdier, le directeur du Ch\u00e2teau de Grandson, forteresse m\u00e9di\u00e9vale dominant le lac de Neuch\u00e2tel qui a rouvert ses portes ce printemps apr\u00e8s quinze ans de travaux de r\u00e9novation. Sur trois \u00e9tages, son nouvel espace mus\u00e9al raconte 1000\u00a0ans d\u2019histoire en offrant une relecture des guerres de Bourgogne dont on c\u00e9l\u00e8bre le 550e anniversaire. Contrairement aux collections un peu foutraques (m\u00ealant voitures de collection, copies d\u2019armure et soldats de plomb) imagin\u00e9es par les pr\u00e9c\u00e9dents propri\u00e9taires du ch\u00e2teau, l\u2019exposition est r\u00e9alis\u00e9e par un comit\u00e9 scientifique soucieux des sources. Un v\u00e9ritable d\u00e9capant.<\/p>\n<p>Au pied des hauts murs du ch\u00e2teau, on frissonne encore \u00e0 l\u2019\u00e9vocation du massacre de sa garnison bernoise par les troupes de Charles le T\u00e9m\u00e9raire apr\u00e8s leur reddition, fin f\u00e9vrier 1476. Affam\u00e9s derri\u00e8re leurs murailles, plus de 400 hommes avaient abandonn\u00e9 le combat contre la promesse d\u2019une vie sauve. Tous seront pendus ou noy\u00e9s. Leur martyre attestait de la cruaut\u00e9 d\u2019un duc dont la r\u00e9putation n\u2019\u00e9tait plus \u00e0 faire. C\u2019est du moins ce qu\u2019a longtemps relay\u00e9 l\u2019historiographie officielle. C\u2019\u00e9tait oublier que cette mise \u00e0 mort est une vengeance ex\u00e9cut\u00e9e \u00e0 la demande de la population d\u2019Yverdon, elle-m\u00eame victime des razzias bernoises en 1475, rappelle Camille Verdier. Les faits? A Grandson, comme \u00e0 Morat quelques mois plus tard, Charles le T\u00e9m\u00e9raire \u2013 qui n\u2019\u00e9tait pas Fran\u00e7ais \u2013 venait non pas en conqu\u00e9rant mais lib\u00e9rer des cit\u00e9s vaudoises r\u00e9cemment pill\u00e9es et occup\u00e9es par Berne et Fribourg. Un pays de Vaud qui \u00e9tait alors un territoire du duch\u00e9 de Savoie, lui-m\u00eame alli\u00e9 au duch\u00e9 de Bourgogne.<\/p>\n","protected":false},"excerpt":{"rendered":"R\u00e9sum\u00e9 en 20 secondes En savoir plus sur ce type de contenu Ce r\u00e9sum\u00e9 peut avoir \u00e9t\u00e9 \u00e9crit&hellip;\n","protected":false},"author":2,"featured_media":282966,"comment_status":"","ping_status":"","sticky":false,"template":"","format":"standard","meta":{"footnotes":"","_share_on_mastodon":"0"},"categories":[3],"tags":[303,174,23],"class_list":["post-282965","post","type-post","status-publish","format-standard","has-post-thumbnail","category-suisse","tag-histoire","tag-premium","tag-suisse"],"share_on_mastodon":{"url":"https:\/\/pubeurope.com\/@ch_fr\/117184074031551299","error":""},"_links":{"self":[{"href":"https:\/\/www.europesays.com\/ch-fr\/wp-json\/wp\/v2\/posts\/282965","targetHints":{"allow":["GET"]}}],"collection":[{"href":"https:\/\/www.europesays.com\/ch-fr\/wp-json\/wp\/v2\/posts"}],"about":[{"href":"https:\/\/www.europesays.com\/ch-fr\/wp-json\/wp\/v2\/types\/post"}],"author":[{"embeddable":true,"href":"https:\/\/www.europesays.com\/ch-fr\/wp-json\/wp\/v2\/users\/2"}],"replies":[{"embeddable":true,"href":"https:\/\/www.europesays.com\/ch-fr\/wp-json\/wp\/v2\/comments?post=282965"}],"version-history":[{"count":0,"href":"https:\/\/www.europesays.com\/ch-fr\/wp-json\/wp\/v2\/posts\/282965\/revisions"}],"wp:featuredmedia":[{"embeddable":true,"href":"https:\/\/www.europesays.com\/ch-fr\/wp-json\/wp\/v2\/media\/282966"}],"wp:attachment":[{"href":"https:\/\/www.europesays.com\/ch-fr\/wp-json\/wp\/v2\/media?parent=282965"}],"wp:term":[{"taxonomy":"category","embeddable":true,"href":"https:\/\/www.europesays.com\/ch-fr\/wp-json\/wp\/v2\/categories?post=282965"},{"taxonomy":"post_tag","embeddable":true,"href":"https:\/\/www.europesays.com\/ch-fr\/wp-json\/wp\/v2\/tags?post=282965"}],"curies":[{"name":"wp","href":"https:\/\/api.w.org\/{rel}","templated":true}]}}