{"id":282979,"date":"2026-08-30T11:05:08","date_gmt":"2026-08-30T11:05:08","guid":{"rendered":"https:\/\/www.europesays.com\/ch-fr\/282979\/"},"modified":"2026-08-30T11:05:08","modified_gmt":"2026-08-30T11:05:08","slug":"roger-federer-entre-au-hall-of-fame-au-nom-de-tous-les-siens-et-dune-idee-du-jeu","status":"publish","type":"post","link":"https:\/\/www.europesays.com\/ch-fr\/282979\/","title":{"rendered":"Roger Federer entre au Hall of Fame, au nom de tous les siens et d\u2019une id\u00e9e du jeu"},"content":{"rendered":"<p>    R\u00e9sum\u00e9 en 20 secondes<\/p>\n<p>        En savoir plus sur ce type de contenu<\/p>\n<p>Ce r\u00e9sum\u00e9 peut avoir \u00e9t\u00e9 \u00e9crit avec l&rsquo;assistance d\u2019une IA g\u00e9n\u00e9rative. <a href=\"https:\/\/www.letemps.ch\/cyber\/l-usage-de-l-ia-generative-par-les-journalistes-du-temps\" rel=\"nofollow noopener\" target=\"_blank\">En savoir plus<\/a><\/p>\n<p class=\"article__abstract-call-to-action\" data-ariato=\"TrackableElement\" data-trackable-element-type=\"article_abstract_cta\" data-trackable-element-location=\"article_header\" data-trackable-element-id=\"541062\">\n        <a data-event=\"click-&gt;clicked\" href=\"https:\/\/www.letemps.ch\/abonnements\" rel=\"nofollow noopener\" target=\"_blank\">Abonnez-vous<\/a> pour acc\u00e9der au r\u00e9sum\u00e9 en 20 secondes.\n      <\/p>\n<p>Matricule 278. Il a bien longtemps sans doute que Roger Federer ne s\u2019\u00e9tait r\u00e9joui d\u2019un aussi mauvais classement. Samedi \u00e0 Newport, dans le Rhode Island, trois heures de train au nord de New York, le B\u00e2lois est devenu la 278e personnalit\u00e9 du tennis \u00e0 \u00eatre intronis\u00e9 au Hall of Fame du tennis, juste apr\u00e8s l\u2019ancienne joueuse et commentatrice am\u00e9ricaine Mary Carillo. Comme au temps de ses succ\u00e8s les plus intimes et de ses \u00e9checs les plus profonds, cela s\u2019est fait au prix de beaucoup de larmes.<\/p>\n<p>Entrer dans ce cercle ferm\u00e9 est une exp\u00e9rience physique. L\u2019International tennis Hall of Fame (ITHF) est situ\u00e9 dans un vaste ensemble de constructions referm\u00e9es sur elles-m\u00eames. Des fa\u00e7ades de bois peintes en vert aux bardeaux br\u00fbl\u00e9s par le sel et le soleil pr\u00e9servent des regards treize courts en gazon et un mus\u00e9e du tennis, inaugur\u00e9 en 1954 par James Van Alen. Po\u00e8te, musicien et joueur de tennis, Van Alen a l\u00e9gu\u00e9 au monde l\u2019id\u00e9e du tie-break et \u00e0 la f\u00e9d\u00e9ration am\u00e9ricaine de tennis (USTA) le mus\u00e9e et le Hall of Fame. Il para\u00eet que cela a sauv\u00e9 le site de la destruction. Connu localement comme \u00abl\u2019ancien casino\u00bb, il s\u2019agit en fait d\u2019un complexe de loisir construit dans le style cottage, \u00e9rig\u00e9 par Gordon Bennett, fils du fondateur du New York Herald et pionnier du tennis aux Etats-Unis (une rue \u00e0 son nom borde le stade Roland-Garros \u00e0 Paris), en plein \u00abGilded Age\u00bb, la p\u00e9riode de prosp\u00e9rit\u00e9 un peu factice qui avait suivi la fin de la Guerre de S\u00e9cession.<\/p>\n","protected":false},"excerpt":{"rendered":"R\u00e9sum\u00e9 en 20 secondes En savoir plus sur ce type de contenu Ce r\u00e9sum\u00e9 peut avoir \u00e9t\u00e9 \u00e9crit&hellip;\n","protected":false},"author":2,"featured_media":282980,"comment_status":"","ping_status":"","sticky":false,"template":"","format":"standard","meta":{"footnotes":"","_share_on_mastodon":"0"},"categories":[8],"tags":[174,186,75,23],"class_list":["post-282979","post","type-post","status-publish","format-standard","has-post-thumbnail","category-sports","tag-premium","tag-sport","tag-sports","tag-suisse"],"share_on_mastodon":{"url":"https:\/\/pubeurope.com\/@ch_fr\/117184136722178505","error":""},"_links":{"self":[{"href":"https:\/\/www.europesays.com\/ch-fr\/wp-json\/wp\/v2\/posts\/282979","targetHints":{"allow":["GET"]}}],"collection":[{"href":"https:\/\/www.europesays.com\/ch-fr\/wp-json\/wp\/v2\/posts"}],"about":[{"href":"https:\/\/www.europesays.com\/ch-fr\/wp-json\/wp\/v2\/types\/post"}],"author":[{"embeddable":true,"href":"https:\/\/www.europesays.com\/ch-fr\/wp-json\/wp\/v2\/users\/2"}],"replies":[{"embeddable":true,"href":"https:\/\/www.europesays.com\/ch-fr\/wp-json\/wp\/v2\/comments?post=282979"}],"version-history":[{"count":0,"href":"https:\/\/www.europesays.com\/ch-fr\/wp-json\/wp\/v2\/posts\/282979\/revisions"}],"wp:featuredmedia":[{"embeddable":true,"href":"https:\/\/www.europesays.com\/ch-fr\/wp-json\/wp\/v2\/media\/282980"}],"wp:attachment":[{"href":"https:\/\/www.europesays.com\/ch-fr\/wp-json\/wp\/v2\/media?parent=282979"}],"wp:term":[{"taxonomy":"category","embeddable":true,"href":"https:\/\/www.europesays.com\/ch-fr\/wp-json\/wp\/v2\/categories?post=282979"},{"taxonomy":"post_tag","embeddable":true,"href":"https:\/\/www.europesays.com\/ch-fr\/wp-json\/wp\/v2\/tags?post=282979"}],"curies":[{"name":"wp","href":"https:\/\/api.w.org\/{rel}","templated":true}]}}