{"id":283035,"date":"2026-08-30T12:01:10","date_gmt":"2026-08-30T12:01:10","guid":{"rendered":"https:\/\/www.europesays.com\/ch-fr\/283035\/"},"modified":"2026-08-30T12:01:10","modified_gmt":"2026-08-30T12:01:10","slug":"le-rock-des-americains-wilco-eblouit-le-festival-nox-orae","status":"publish","type":"post","link":"https:\/\/www.europesays.com\/ch-fr\/283035\/","title":{"rendered":"Le rock des Am\u00e9ricains Wilco \u00e9blouit le festival Nox Orae"},"content":{"rendered":"<p>Samedi soir, l&rsquo;ultime soir\u00e9e du festival rock Nox Orae \u00e0 La Tour-de-Peilz (VD) a accueilli quatre groupes, dont les Am\u00e9ricains de Wilco en t\u00eate d&rsquo;affiche. La formation n\u00e9e \u00e0 Chicago en 1994 et emmen\u00e9e par le chanteur Jeff Tweedy a \u00e9bloui par sa science country-folk-rock tout en finesse m\u00e9lodique et fureur dissonante.<\/p>\n<p>Apr\u00e8s les Babyshambles de Pete Doherty jeudi, Mogwai vendredi, c&rsquo;\u00e9tait au tout de Wilco de se produire en t\u00eate d&rsquo;affiche samedi soir dans les Jardins de Roussy \u00e0 La Tour de Peilz. Pass\u00e9 du mastodonte Rock en Seine parisien \u00e0 l&rsquo;intimiste Nox Orae en 24 heures, les Am\u00e9ricains emmen\u00e9s par le chanteur et guitariste Jeff Tweedy n&rsquo;en ont pas moins brad\u00e9 leur savoir-faire country-folk-rock.<\/p>\n<p>Phare de la sc\u00e8ne ind\u00e9pendante depuis un peu plus de trente ans et riche de treize albums studio, le sextet natif de Chicago a d\u00e9livr\u00e9 en pr\u00e8s de deux heures une prestation majuscule en revisitant son r\u00e9pertoire o\u00f9 les douceurs m\u00e9lodiques jouxtent les excentricit\u00e9s \u00e9lectriques, o\u00f9 une forme de m\u00e9lancolie nostalgique cohabite avec une vitalit\u00e9 toute contemporaine quand bien m\u00eame les influences datent des Beatles, de Brian Wilson, Television ou Neil Young.<\/p>\n<p>En une vingtaine de titres, des plages instrumentales jalonnant &lsquo;Art of Almost&rsquo; au plus percutant &lsquo;Outtasite (Outta Mind)&rsquo; en \u00e9pilogue via &lsquo;I Got You (At the End of the Century)&rsquo; avec les choeurs et les mains fervents du public, Wilco affiche en sc\u00e8ne une fluidit\u00e9 instrumentale rare.<\/p>\n<p> <img decoding=\"async\" src=\"https:\/\/www.europesays.com\/ch-fr\/wp-content\/uploads\/2026\/08\/ab4bc2d6-29342064.image.jpeg\" alt=\"Le chanteur et guitariste Jeff Tweedy du groupe am\u00e9ricain Wilco sur la sc\u00e8ne du festival Nox Orae \u00e0 La Tour-de-Peilz, le 29 ao\u00fbt 2026. [Nox Orae 2026 - Gabriel Monnet]\" title=\"Le chanteur et guitariste Jeff Tweedy du groupe am\u00e9ricain Wilco sur la sc\u00e8ne du festival Nox Orae \u00e0 La Tour-de-Peilz, le 29 ao\u00fbt 2026. [Nox Orae 2026 - Gabriel Monnet]\" loading=\"lazy\"\/>  Le chanteur et guitariste Jeff Tweedy du groupe am\u00e9ricain Wilco sur la sc\u00e8ne du festival Nox Orae \u00e0 La Tour-de-Peilz, le 29 ao\u00fbt 2026. [Nox Orae 2026 &#8211; Gabriel Monnet] Ma\u00eetrise tout en d\u00e9contraction<\/p>\n<p>Une ma\u00eetrise tout en d\u00e9contraction qui culmine sur certains morceaux comme le plus country-pop &lsquo;Via Chicago&rsquo; virant \u00e0 trois reprises en d\u00e9luge bruitiste ou &lsquo;I Am Trying to Break Your Heart&rsquo; qui reprend cette trame dissonante finale. Ce titre, extrait de la perle discographique &lsquo;Yankee Hotel Foxtrot&rsquo; produite par Jim O&rsquo;Rourke (2002), se voit accompagn\u00e9 samedi soir par deux autres chansons issues de cet album culte: &lsquo;Jesus, Etc.&rsquo; et &lsquo;I&rsquo;m the Man Who Loves You&rsquo; juste avant les trois rappels.<\/p>\n<p>Tout au long du concert, le contraste reste aussi saisissant entre la d\u00e9licatesse cristaline de la voix de Jeff Tweedy, sa bonhomie communicative, des histoires d&rsquo;amour contrari\u00e9es et les d\u00e9flagrations \u00e9lectriques soudaines des guitares au sein de ce r\u00e9pertoire qui sait alterner simplicit\u00e9 et sophistication avec \u00e9l\u00e9gance. Chez Wilco, m\u00eame les longues digressions instrumentales qu&rsquo;on reprocherait \u00e0 n&rsquo;importe quelle autre formation n&rsquo;apparaissent jamais d\u00e9monstratives. Un talentueux tour de force.<\/p>\n<p class=\"sources\">Olivier Horner<\/p>\n","protected":false},"excerpt":{"rendered":"Samedi soir, l&rsquo;ultime soir\u00e9e du festival rock Nox Orae \u00e0 La Tour-de-Peilz (VD) a accueilli quatre groupes, dont&hellip;\n","protected":false},"author":2,"featured_media":283036,"comment_status":"","ping_status":"","sticky":false,"template":"","format":"standard","meta":{"footnotes":"","_share_on_mastodon":"0"},"categories":[10],"tags":[3770,1700,1475,380,1511,2197,648,172,113,112,650,652,3516,59197,141,654,61,23,61066],"class_list":["post-283035","post","type-post","status-publish","format-standard","has-post-thumbnail","category-divertissement","tag-affiche","tag-americains","tag-art","tag-arts-et-divertissement","tag-chanteur","tag-chicago","tag-concert","tag-culture","tag-divertissement","tag-entertainment","tag-festival","tag-genre-musical","tag-jeff-tweedy","tag-la-tour-de-peilz","tag-musique","tag-musiques","tag-science","tag-suisse","tag-wilco"],"share_on_mastodon":{"url":"https:\/\/pubeurope.com\/@ch_fr\/117184357626894745","error":""},"_links":{"self":[{"href":"https:\/\/www.europesays.com\/ch-fr\/wp-json\/wp\/v2\/posts\/283035","targetHints":{"allow":["GET"]}}],"collection":[{"href":"https:\/\/www.europesays.com\/ch-fr\/wp-json\/wp\/v2\/posts"}],"about":[{"href":"https:\/\/www.europesays.com\/ch-fr\/wp-json\/wp\/v2\/types\/post"}],"author":[{"embeddable":true,"href":"https:\/\/www.europesays.com\/ch-fr\/wp-json\/wp\/v2\/users\/2"}],"replies":[{"embeddable":true,"href":"https:\/\/www.europesays.com\/ch-fr\/wp-json\/wp\/v2\/comments?post=283035"}],"version-history":[{"count":0,"href":"https:\/\/www.europesays.com\/ch-fr\/wp-json\/wp\/v2\/posts\/283035\/revisions"}],"wp:featuredmedia":[{"embeddable":true,"href":"https:\/\/www.europesays.com\/ch-fr\/wp-json\/wp\/v2\/media\/283036"}],"wp:attachment":[{"href":"https:\/\/www.europesays.com\/ch-fr\/wp-json\/wp\/v2\/media?parent=283035"}],"wp:term":[{"taxonomy":"category","embeddable":true,"href":"https:\/\/www.europesays.com\/ch-fr\/wp-json\/wp\/v2\/categories?post=283035"},{"taxonomy":"post_tag","embeddable":true,"href":"https:\/\/www.europesays.com\/ch-fr\/wp-json\/wp\/v2\/tags?post=283035"}],"curies":[{"name":"wp","href":"https:\/\/api.w.org\/{rel}","templated":true}]}}