{"id":283053,"date":"2026-08-30T12:19:11","date_gmt":"2026-08-30T12:19:11","guid":{"rendered":"https:\/\/www.europesays.com\/ch-fr\/283053\/"},"modified":"2026-08-30T12:19:11","modified_gmt":"2026-08-30T12:19:11","slug":"deux-femmes-au-volant-il-y-a-35-ans-thelma-et-louise-faisait-rugir-le-moteur-et-exploser-les-codes","status":"publish","type":"post","link":"https:\/\/www.europesays.com\/ch-fr\/283053\/","title":{"rendered":"Deux femmes au volant: il y a 35\u00a0ans, \u00abThelma et Louise\u00bb faisait rugir le moteur et exploser les codes"},"content":{"rendered":"<p>    R\u00e9sum\u00e9 en 20 secondes<\/p>\n<p>        En savoir plus sur ce type de contenu<\/p>\n<p>Ce r\u00e9sum\u00e9 peut avoir \u00e9t\u00e9 \u00e9crit avec l&rsquo;assistance d\u2019une IA g\u00e9n\u00e9rative. <a href=\"https:\/\/www.letemps.ch\/cyber\/l-usage-de-l-ia-generative-par-les-journalistes-du-temps\" rel=\"nofollow noopener\" target=\"_blank\">En savoir plus<\/a><\/p>\n<p class=\"article__abstract-call-to-action\" data-ariato=\"TrackableElement\" data-trackable-element-type=\"article_abstract_cta\" data-trackable-element-location=\"article_header\" data-trackable-element-id=\"541063\">\n        <a data-event=\"click-&gt;clicked\" href=\"https:\/\/www.letemps.ch\/abonnements\" rel=\"nofollow noopener\" target=\"_blank\">Abonnez-vous<\/a> pour acc\u00e9der au r\u00e9sum\u00e9 en 20 secondes.\n      <\/p>\n<p>Juch\u00e9es sur les si\u00e8ges de leur d\u00e9capotable, m\u00e8ches rebelles et regard frondeur, elles toisaient le parterre de stars endimanch\u00e9es. Le 12\u00a0mai dernier au Grand Th\u00e9\u00e2tre Lumi\u00e8re, l\u2019ouverture du Festival de Cannes \u00e9tait plac\u00e9e sous le haut patronat de deux r\u00f4deuses en jeans-marcel: Geena Davis et Susan Sarandon. Thelma et Louise.<\/p>\n<p>C\u2019est cette photo en noir et blanc des deux actrices, prise sur le tournage du film du m\u00eame nom en 1991, qui \u00e9tait choisie pour l\u2019affiche de la 79e \u00e9dition du festival. Une mani\u00e8re de rendre hommage \u00e0 un monument du cin\u00e9ma, pr\u00e9sent\u00e9 il y a 35\u00a0ans sur cette m\u00eame Croisette. L\u2019histoire de deux copines parties sur les routes pour le week-end, cheveux au vent et pied au plancher \u2013 devenues fugitives malgr\u00e9 elles. Un p\u00e9riple sign\u00e9 Ridley Scott dont les h\u00e9ro\u00efnes, fougueuses et libres, embarquaient le public, et toute une \u00e9poque, avec elles.<\/p>\n","protected":false},"excerpt":{"rendered":"R\u00e9sum\u00e9 en 20 secondes En savoir plus sur ce type de contenu Ce r\u00e9sum\u00e9 peut avoir \u00e9t\u00e9 \u00e9crit&hellip;\n","protected":false},"author":2,"featured_media":283054,"comment_status":"","ping_status":"","sticky":false,"template":"","format":"standard","meta":{"footnotes":"","_share_on_mastodon":"0"},"categories":[10],"tags":[384,172,113,112,1260,174,23],"class_list":["post-283053","post","type-post","status-publish","format-standard","has-post-thumbnail","category-divertissement","tag-cinema","tag-culture","tag-divertissement","tag-entertainment","tag-entre-temps","tag-premium","tag-suisse"],"share_on_mastodon":{"url":"https:\/\/pubeurope.com\/@ch_fr\/117184427916188573","error":""},"_links":{"self":[{"href":"https:\/\/www.europesays.com\/ch-fr\/wp-json\/wp\/v2\/posts\/283053","targetHints":{"allow":["GET"]}}],"collection":[{"href":"https:\/\/www.europesays.com\/ch-fr\/wp-json\/wp\/v2\/posts"}],"about":[{"href":"https:\/\/www.europesays.com\/ch-fr\/wp-json\/wp\/v2\/types\/post"}],"author":[{"embeddable":true,"href":"https:\/\/www.europesays.com\/ch-fr\/wp-json\/wp\/v2\/users\/2"}],"replies":[{"embeddable":true,"href":"https:\/\/www.europesays.com\/ch-fr\/wp-json\/wp\/v2\/comments?post=283053"}],"version-history":[{"count":0,"href":"https:\/\/www.europesays.com\/ch-fr\/wp-json\/wp\/v2\/posts\/283053\/revisions"}],"wp:featuredmedia":[{"embeddable":true,"href":"https:\/\/www.europesays.com\/ch-fr\/wp-json\/wp\/v2\/media\/283054"}],"wp:attachment":[{"href":"https:\/\/www.europesays.com\/ch-fr\/wp-json\/wp\/v2\/media?parent=283053"}],"wp:term":[{"taxonomy":"category","embeddable":true,"href":"https:\/\/www.europesays.com\/ch-fr\/wp-json\/wp\/v2\/categories?post=283053"},{"taxonomy":"post_tag","embeddable":true,"href":"https:\/\/www.europesays.com\/ch-fr\/wp-json\/wp\/v2\/tags?post=283053"}],"curies":[{"name":"wp","href":"https:\/\/api.w.org\/{rel}","templated":true}]}}