{"id":283107,"date":"2026-08-30T13:01:14","date_gmt":"2026-08-30T13:01:14","guid":{"rendered":"https:\/\/www.europesays.com\/ch-fr\/283107\/"},"modified":"2026-08-30T13:01:14","modified_gmt":"2026-08-30T13:01:14","slug":"a-carouge-visite-de-la-fonte-un-des-plus-grands-chantiers-de-rehabilitation-menes-uniquement-avec-des-materiaux-et-des-elements-de-recuperation","status":"publish","type":"post","link":"https:\/\/www.europesays.com\/ch-fr\/283107\/","title":{"rendered":"A Carouge, visite de La Fonte, un des plus grands chantiers de r\u00e9habilitation men\u00e9s uniquement avec des mat\u00e9riaux et des \u00e9l\u00e9ments de r\u00e9cup\u00e9ration"},"content":{"rendered":"<p>    R\u00e9sum\u00e9 en 20 secondes<\/p>\n<p>        En savoir plus sur ce type de contenu<\/p>\n<p>Ce r\u00e9sum\u00e9 peut avoir \u00e9t\u00e9 \u00e9crit avec l&rsquo;assistance d\u2019une IA g\u00e9n\u00e9rative. <a href=\"https:\/\/www.letemps.ch\/cyber\/l-usage-de-l-ia-generative-par-les-journalistes-du-temps\" rel=\"nofollow noopener\" target=\"_blank\">En savoir plus<\/a><\/p>\n<p class=\"article__abstract-call-to-action\" data-ariato=\"TrackableElement\" data-trackable-element-type=\"article_abstract_cta\" data-trackable-element-location=\"article_header\" data-trackable-element-id=\"541072\">\n        <a data-event=\"click-&gt;clicked\" href=\"https:\/\/www.letemps.ch\/abonnements\" rel=\"nofollow noopener\" target=\"_blank\">Abonnez-vous<\/a> pour acc\u00e9der au r\u00e9sum\u00e9 en 20 secondes.\n      <\/p>\n<p>R\u00e9habiliter une friche industrielle en la transformant en espace socioculturel, le geste architectural est connu, coutumier. Ce qui l\u2019est moins, c\u2019est quand ce chantier de reconstruction n\u2019est men\u00e9 qu\u2019avec des mat\u00e9riaux de r\u00e9cup\u00e9ration. La Fonte, nouvel espace culturel n\u00e9 sur les anciennes Halles de la Fonderie, \u00e0 Carouge, a r\u00e9ussi cet exploit: proposer une cantine, un bar, un lieu d\u2019exposition \u00e0 ciel ouvert, une ressourcerie et, au sous-sol, une salle de concert, en adoptant la logique du r\u00e9emploi.<\/p>\n<p>Le r\u00e9emploi? Ce proc\u00e9d\u00e9 signifie que, except\u00e9 les installations d\u2019\u00e9lectricit\u00e9 et de plomberie ainsi qu\u2019une porte coulissante qui m\u00e8ne \u00e0 la cantine, tout ce que vous verrez \u00e0 La Fonte d\u00e8s ce lundi, jour d\u2019ouverture, a d\u00e9j\u00e0 un pass\u00e9. Les mat\u00e9riaux comme les \u00e9l\u00e9ments. La porte jaun\u00e2tre avec un hublot qui m\u00e8ne au sous-sol, par exemple, vient de la manufacture horlog\u00e8re d\u2019Audemars Piguet au Brassus. L\u2019agencement de la cuisine de la cantine est enti\u00e8rement issu de l\u2019H\u00f4tel Fairmont (anciennement Noga Hilton, puis Kempinski), sur le quai du Mont-Blanc. Pareil pour cette paroi r\u00e9alis\u00e9e \u00e0 base de portes de coffres-forts d\u2019UBS Cornavin. Ou l\u2019isolation, assur\u00e9e enti\u00e8rement par de la laine de\u2026 moutons paissant \u00e0 Vessy, sur les hauts de Gen\u00e8ve. Le r\u00e9emploi n\u2019est pas meilleur march\u00e9 que la construction \u00e0 neuf, pr\u00e9viennent ses adeptes, mais plus respectueux de l\u2019environnement. Il a aussi le grand avantage de t\u00e9moigner de l\u2019histoire du design et de l\u2019architecture avec son patchwork de styles diff\u00e9rents r\u00e9unis dans le m\u00eame b\u00e2timent.<\/p>\n","protected":false},"excerpt":{"rendered":"R\u00e9sum\u00e9 en 20 secondes En savoir plus sur ce type de contenu Ce r\u00e9sum\u00e9 peut avoir \u00e9t\u00e9 \u00e9crit&hellip;\n","protected":false},"author":2,"featured_media":283108,"comment_status":"","ping_status":"","sticky":false,"template":"","format":"standard","meta":{"footnotes":"","_share_on_mastodon":"0"},"categories":[3],"tags":[2904,169,1978,174,23,1977],"class_list":["post-283107","post","type-post","status-publish","format-standard","has-post-thumbnail","category-suisse","tag-architecture","tag-geneve","tag-le-magazine-du-temps","tag-premium","tag-suisse","tag-t"],"share_on_mastodon":{"url":"https:\/\/pubeurope.com\/@ch_fr\/117184593098213334","error":""},"_links":{"self":[{"href":"https:\/\/www.europesays.com\/ch-fr\/wp-json\/wp\/v2\/posts\/283107","targetHints":{"allow":["GET"]}}],"collection":[{"href":"https:\/\/www.europesays.com\/ch-fr\/wp-json\/wp\/v2\/posts"}],"about":[{"href":"https:\/\/www.europesays.com\/ch-fr\/wp-json\/wp\/v2\/types\/post"}],"author":[{"embeddable":true,"href":"https:\/\/www.europesays.com\/ch-fr\/wp-json\/wp\/v2\/users\/2"}],"replies":[{"embeddable":true,"href":"https:\/\/www.europesays.com\/ch-fr\/wp-json\/wp\/v2\/comments?post=283107"}],"version-history":[{"count":0,"href":"https:\/\/www.europesays.com\/ch-fr\/wp-json\/wp\/v2\/posts\/283107\/revisions"}],"wp:featuredmedia":[{"embeddable":true,"href":"https:\/\/www.europesays.com\/ch-fr\/wp-json\/wp\/v2\/media\/283108"}],"wp:attachment":[{"href":"https:\/\/www.europesays.com\/ch-fr\/wp-json\/wp\/v2\/media?parent=283107"}],"wp:term":[{"taxonomy":"category","embeddable":true,"href":"https:\/\/www.europesays.com\/ch-fr\/wp-json\/wp\/v2\/categories?post=283107"},{"taxonomy":"post_tag","embeddable":true,"href":"https:\/\/www.europesays.com\/ch-fr\/wp-json\/wp\/v2\/tags?post=283107"}],"curies":[{"name":"wp","href":"https:\/\/api.w.org\/{rel}","templated":true}]}}