{"id":283147,"date":"2026-08-30T13:34:12","date_gmt":"2026-08-30T13:34:12","guid":{"rendered":"https:\/\/www.europesays.com\/ch-fr\/283147\/"},"modified":"2026-08-30T13:34:12","modified_gmt":"2026-08-30T13:34:12","slug":"motogp-marc-marquez-simpose-au-grand-prix-daragon","status":"publish","type":"post","link":"https:\/\/www.europesays.com\/ch-fr\/283147\/","title":{"rendered":"MotoGP : Marc Marquez s&rsquo;impose au Grand Prix d&rsquo;Aragon"},"content":{"rendered":"<p>Le champion du monde de MotoGP Marc Marquez (Ducati) a remport\u00e9 la 8e victoire de sa carri\u00e8re au Grand Prix d&rsquo;Aragon dans la cat\u00e9gorie reine, et s&rsquo;est relanc\u00e9 dans la course au titre, sur le circuit de Motorland.<\/p>\n<p>L&rsquo;Espagnol, qui pour une fois a manqu\u00e9 son d\u00e9part, s&rsquo;est rapidement repris et a ensuite survol\u00e9 la course pour s&rsquo;imposer devant son compatriote Pedro Acosta (KTM) et l&rsquo;Italien Marco Bezzecchi (Aprilia), qui s&rsquo;\u00e9tait \u00e9lanc\u00e9 en pole position.<\/p>\n<p>D\u00e9j\u00e0 vainqueur du sprint samedi, Marquez a encore repris 14 points au leader du championnat, Jorge Martin (Aprilia), 5e dimanche, et ne compte plus que 19 longueurs de retard sur son compatriote.<\/p>\n<p>Comme lors de la course sprint samedi, le Fran\u00e7ais Johann Zarco (Honda-LCR) a arrach\u00e9 un point pour son premier Grand Prix apr\u00e8s plus de 3 mois d&rsquo;absence en raison de s\u00e9rieuses blessures aux ligaments du genou gauche cons\u00e9cutives \u00e0 une chute spectaculaire \u00e0 Barcelone mi-mai.<\/p>\n<p class=\"sources\">afp\/alt<\/p>\n","protected":false},"excerpt":{"rendered":"Le champion du monde de MotoGP Marc Marquez (Ducati) a remport\u00e9 la 8e victoire de sa carri\u00e8re au&hellip;\n","protected":false},"author":2,"featured_media":283148,"comment_status":"","ping_status":"","sticky":false,"template":"","format":"standard","meta":{"footnotes":"","_share_on_mastodon":"0"},"categories":[8],"tags":[10409,10410,1006,10411,10412,5559,10413,10414,11333,10415,60655,10418,466,186,75,23,1224],"class_list":["post-283147","post","type-post","status-publish","format-standard","has-post-thumbnail","category-sports","tag-aprilia","tag-construction-automobile","tag-course","tag-ducati","tag-ducati-motor-holding","tag-grand-prix","tag-ktm","tag-marc-marquez","tag-marco-bezzecchi","tag-moto","tag-moto-gp-aragon","tag-pedro-acosta","tag-rts-sport","tag-sport","tag-sports","tag-suisse","tag-victoire"],"share_on_mastodon":{"url":"https:\/\/pubeurope.com\/@ch_fr\/117184722810454416","error":""},"_links":{"self":[{"href":"https:\/\/www.europesays.com\/ch-fr\/wp-json\/wp\/v2\/posts\/283147","targetHints":{"allow":["GET"]}}],"collection":[{"href":"https:\/\/www.europesays.com\/ch-fr\/wp-json\/wp\/v2\/posts"}],"about":[{"href":"https:\/\/www.europesays.com\/ch-fr\/wp-json\/wp\/v2\/types\/post"}],"author":[{"embeddable":true,"href":"https:\/\/www.europesays.com\/ch-fr\/wp-json\/wp\/v2\/users\/2"}],"replies":[{"embeddable":true,"href":"https:\/\/www.europesays.com\/ch-fr\/wp-json\/wp\/v2\/comments?post=283147"}],"version-history":[{"count":0,"href":"https:\/\/www.europesays.com\/ch-fr\/wp-json\/wp\/v2\/posts\/283147\/revisions"}],"wp:featuredmedia":[{"embeddable":true,"href":"https:\/\/www.europesays.com\/ch-fr\/wp-json\/wp\/v2\/media\/283148"}],"wp:attachment":[{"href":"https:\/\/www.europesays.com\/ch-fr\/wp-json\/wp\/v2\/media?parent=283147"}],"wp:term":[{"taxonomy":"category","embeddable":true,"href":"https:\/\/www.europesays.com\/ch-fr\/wp-json\/wp\/v2\/categories?post=283147"},{"taxonomy":"post_tag","embeddable":true,"href":"https:\/\/www.europesays.com\/ch-fr\/wp-json\/wp\/v2\/tags?post=283147"}],"curies":[{"name":"wp","href":"https:\/\/api.w.org\/{rel}","templated":true}]}}