{"id":283217,"date":"2026-08-30T14:30:10","date_gmt":"2026-08-30T14:30:10","guid":{"rendered":"https:\/\/www.europesays.com\/ch-fr\/283217\/"},"modified":"2026-08-30T14:30:10","modified_gmt":"2026-08-30T14:30:10","slug":"mondiaux-daviron-janzen-et-dupre-ahumada-au-pied-du-podium","status":"publish","type":"post","link":"https:\/\/www.europesays.com\/ch-fr\/283217\/","title":{"rendered":"Mondiaux d&rsquo;aviron : Janzen et Dupr\u00e9\/Ahumada au pied du podium"},"content":{"rendered":"<p>La Suisse n&rsquo;a pas conquis de m\u00e9daille lors de l&rsquo;ultime journ\u00e9e des Mondiaux d&rsquo;Amsterdam. La skiff Aurelia-Maxima Janzen et le deux de couple mixte C\u00e9lia Dupr\u00e9\/Rapha\u00ebl Ahumada ont d\u00fb se contenter du 4e rang.<\/p>\n<p>Sixi\u00e8me des r\u00e9cents Europ\u00e9ens de Varese, Aurelia-Maxima Janzen n&rsquo;a aucun regret \u00e0 avoir \u00e0 l&rsquo;issue de sa premi\u00e8re finale A dans des Mondiaux \u00e9lite. La Bernoise de 22 ans est partie fort, accusant moins d&rsquo;une seconde de retard sur la 3e place \u00e0 mi-course. Mais elle n&rsquo;a pas pu tenir le rythme impos\u00e9 par les trois meilleures, \u00e9chouant \u00e0 plus de 4 secondes et demie de la troisi\u00e8me marche du podium.<\/p>\n<p>Le constat est le m\u00eame pour C\u00e9lia Dupr\u00e9 et Rapha\u00ebl Ahumada. La Genevoise et le Vaudois, en bronze dans cette cat\u00e9gorie mixte lors des Mondiaux 2025 \u00e0 Shanghai, ont conc\u00e9d\u00e9 plus de 3 secondes et demie aux m\u00e9daill\u00e9s de bronze am\u00e9ricains. Ils occupaient cette 4e place apr\u00e8s 500 m\u00e8tres de course d\u00e9j\u00e0, et n&rsquo;ont jamais sembl\u00e9 en mesure de revenir lors des 1500 derniers m\u00e8tres.<\/p>\n<p>Swiss Rowing se contentera donc dans ces joutes des 2 m\u00e9dailles de bronze conquises par le deux de couple Salome Ulrich\/Fabienne Schweizer vendredi, et par Claire Ghiringhelli en para-skiff samedi. La d\u00e9ception est surtout venue du quatre de couple f\u00e9minin, dans lequel rame \u00e9galement C\u00e9lia Supr\u00e9, qui a termin\u00e9 7e \u00e0 Amsterdam apr\u00e8s avoir cueilli le titre europ\u00e9en \u00e0 Varese.<\/p>\n<p class=\"sources\">ats\/alt<\/p>\n","protected":false},"excerpt":{"rendered":"La Suisse n&rsquo;a pas conquis de m\u00e9daille lors de l&rsquo;ultime journ\u00e9e des Mondiaux d&rsquo;Amsterdam. La skiff Aurelia-Maxima Janzen&hellip;\n","protected":false},"author":2,"featured_media":283218,"comment_status":"","ping_status":"","sticky":false,"template":"","format":"standard","meta":{"footnotes":"","_share_on_mastodon":"0"},"categories":[8],"tags":[61146,53403,76,15897,53194,6739,2040,186,75,23],"class_list":["post-283217","post","type-post","status-publish","format-standard","has-post-thumbnail","category-sports","tag-ahumada","tag-aurelia-maxima-janzen","tag-autres-sports","tag-aviron","tag-celia-dupre-aviron","tag-championnat-du-monde","tag-podium","tag-sport","tag-sports","tag-suisse"],"share_on_mastodon":{"url":"https:\/\/pubeurope.com\/@ch_fr\/117184942872755553","error":""},"_links":{"self":[{"href":"https:\/\/www.europesays.com\/ch-fr\/wp-json\/wp\/v2\/posts\/283217","targetHints":{"allow":["GET"]}}],"collection":[{"href":"https:\/\/www.europesays.com\/ch-fr\/wp-json\/wp\/v2\/posts"}],"about":[{"href":"https:\/\/www.europesays.com\/ch-fr\/wp-json\/wp\/v2\/types\/post"}],"author":[{"embeddable":true,"href":"https:\/\/www.europesays.com\/ch-fr\/wp-json\/wp\/v2\/users\/2"}],"replies":[{"embeddable":true,"href":"https:\/\/www.europesays.com\/ch-fr\/wp-json\/wp\/v2\/comments?post=283217"}],"version-history":[{"count":0,"href":"https:\/\/www.europesays.com\/ch-fr\/wp-json\/wp\/v2\/posts\/283217\/revisions"}],"wp:featuredmedia":[{"embeddable":true,"href":"https:\/\/www.europesays.com\/ch-fr\/wp-json\/wp\/v2\/media\/283218"}],"wp:attachment":[{"href":"https:\/\/www.europesays.com\/ch-fr\/wp-json\/wp\/v2\/media?parent=283217"}],"wp:term":[{"taxonomy":"category","embeddable":true,"href":"https:\/\/www.europesays.com\/ch-fr\/wp-json\/wp\/v2\/categories?post=283217"},{"taxonomy":"post_tag","embeddable":true,"href":"https:\/\/www.europesays.com\/ch-fr\/wp-json\/wp\/v2\/tags?post=283217"}],"curies":[{"name":"wp","href":"https:\/\/api.w.org\/{rel}","templated":true}]}}