{"id":283265,"date":"2026-08-30T15:11:14","date_gmt":"2026-08-30T15:11:14","guid":{"rendered":"https:\/\/www.europesays.com\/ch-fr\/283265\/"},"modified":"2026-08-30T15:11:14","modified_gmt":"2026-08-30T15:11:14","slug":"une-importante-operation-de-police-a-eu-lieu-au-mcdonalds-de-saint-laurent-a-lausanne-rts-ch","status":"publish","type":"post","link":"https:\/\/www.europesays.com\/ch-fr\/283265\/","title":{"rendered":"Une importante op\u00e9ration de police a eu lieu au McDonald&#039;s de Saint-Laurent \u00e0 Lausanne &#8211; rts.ch"},"content":{"rendered":"<p><a href=\"https:\/\/news.google.com\/rss\/articles\/CBMi3AFBVV95cUxOYUtyeU5JNUdwdzRPd3d2YTNObjdQc21RMjViZUdoVjBOTWpTRnhtb1psZm5GWVVCWHNLbUQ0SWZ5d1ZJTXJjbjBjcGRyOUVoNWg1Umo4dEJVYS1SQjVGTTFLbENYY3RBUW8xVGNGUDU1em1EUndhUElldThULWVCZk5lU2dzaFB1VzZFUkNXbTRIX3BHcFRZMVNGV1VkT2pvdGQ0cm14RmVnd3VodzJGNXlTbXZBLXJ5NHhsYVFwdEVMVXdqNDlQNUd0Y0wwNG93RXhVRFV2a2FZMTFf?oc=5\" target=\"_blank\" rel=\"nofollow noopener\">Une importante op\u00e9ration de police a eu lieu au McDonald&rsquo;s de Saint-Laurent \u00e0 Lausanne<\/a>&nbsp;&nbsp;rts.ch<a href=\"https:\/\/news.google.com\/rss\/articles\/CBMi9gFBVV95cUxNNHdCUHp2MWpCZkJNdHJXQnAwaUxRc1BIWl9uNzFQajhxcXoyTXdtNGF3dzhUdGplRjUxc2trVHpNSTNrdWJpX3p4SEZ5T3lZbm9odHVlQ3YyeHFtam0yRjdoTUVyb1c0aHhNT09yek1ldGZFRlI5ZHZvRlROZk9VUldCbDdObHVGb2lTZE9rT1NGYkRGSDV5OC1uY1dSMEtEcFoyNG41dWZ3Nld5dDQ2cHdTWUxUOW9oQUR5c3RnOWZjZFotdFRmRVhiMGJBeERGSklGTUVHdkNaX2lfb1RWX1F2VTVId3lGbDh1dVJ1WEZldE92R1E?oc=5\" target=\"_blank\" rel=\"nofollow noopener\">Visite du patron de la CIA \u00e0 Moscou : \u00ab\u00a0Le niveau de danger est aussi \u00e9lev\u00e9 que les mois avant le 11-Septembre\u00a0\u00bb<\/a>&nbsp;&nbsp;L&rsquo;Express<a href=\"https:\/\/news.google.com\/rss\/articles\/CBMipgFBVV95cUxNaXM2U0dxbThvYUhJTC1RNVdYd3pfTktkSnFhdm42M3ExUmp0N04zZGhzNFEwQkhzY2pSTnlmVC1GcmUyOW96T1NscURaaWhUVDhqdTFxQW54VU1CcVVpb1paVG41YmdTanNiRV9vWFdycjJKN0NDYUQ1Nk1KMkJxXzhtT294WHdjWHkyUmlPNHQ5ek9UTTREZlJDVU91Skl5cHU0bGpR?oc=5\" target=\"_blank\" rel=\"nofollow noopener\">Otan : alertes et d\u00e9mentis sur une possible attaque russe<\/a>&nbsp;&nbsp;La Croix<a href=\"https:\/\/news.google.com\/rss\/articles\/CBMi4wFBVV95cUxOREpqUHlNVzl3eVVKUlhHam0xLUhyWHpvd1BCM2FLQ1QxdlVnOVZtaEZabkR1amk0NXo0UUw0WW9UUmktVmppTEt2QnZXNTl6RUQ5clFUOUwzTmFtOW0yeGFBdlpKZC1KcXVwR0tsbGFoTl8zREZ6OXEySHR2WE1FdmIwLXNnaFpTOUF4Z1oyR3NqUUVqazEzMVUxX0lLSk51Mm92NFpLU0l5UTZtTEZQQnMxVzRlQ1RGMTNfNHBFTFV5d2lza1I0ZnlMYmhOdEh4cDl4ZVQtbTNRanpkX3hDemxLaw?oc=5\" target=\"_blank\" rel=\"nofollow noopener\">Guerre en Ukraine : en visite surprise \u00e0 Moscou, le directeur de la CIA exhorte la Russie \u00e0 conclure un accord de paix<\/a>&nbsp;&nbsp;L&rsquo;Humanit\u00e9<a href=\"https:\/\/news.google.com\/rss\/articles\/CBMiigJBVV95cUxQdEI1QXJnV0ttSmwwRDFuRlVEcW1lb2VrTUpSRFpCd1FJaVAwNjNsaXBCT2ZYMVBwTlhCVDZtRHlhT0tyRFdRcFRlYUNjLUdidUxtb1JVYXBpcXd0QV81ZE42WURMREtSaWN1TWFQa1daRlpKam9GUHlTLUJYN1ZvcS1nbHNOQlp6Q2duQnlFN3ZpUmxFMm5hd01rTGhLRXI4R245UDdCMG13WUdWR3NtVTZUUHlnYWdsV1ZwTU1IU3ZPUmZTd1ZKeC02Z2ZHcnJLX3FBaHlIZjBoMUZtOVR6VVZuN29EQlZ2U3NTS2hGMElJVVpnTlh3QmZNSEROOWk0T25DQmo5WUk0Zw?oc=5\" target=\"_blank\" rel=\"nofollow noopener\">\u00ab\u00a0Tester les limites de l\u2019Otan\u00a0\u00bb peut conduire la Russie \u00e0 une d\u00e9sescalade rapide ou \u00e0 un conflit majeur selon Guillaume Ancel<\/a>&nbsp;&nbsp;lanouvellerepublique.fr<\/p>\n","protected":false},"excerpt":{"rendered":"Une importante op\u00e9ration de police a eu lieu au McDonald&rsquo;s de Saint-Laurent \u00e0 Lausanne&nbsp;&nbsp;rts.chVisite du patron de la&hellip;\n","protected":false},"author":2,"featured_media":283266,"comment_status":"","ping_status":"","sticky":false,"template":"","format":"standard","meta":{"footnotes":"","_share_on_mastodon":"0"},"categories":[5],"tags":[354,503,1656,504,59723,711,1088,696,40,849,3070,177,2305,851,306,23,41,42],"class_list":["post-283265","post","type-post","status-publish","format-standard","has-post-thumbnail","category-international","tag-canton-de-vaud","tag-criminalite","tag-district-de-lausanne","tag-droit-et-justice","tag-fleuve-saint-laurent","tag-forces-de-lordre","tag-gastronomie","tag-info","tag-international","tag-la-1ere","tag-la-matinale","tag-lausanne","tag-mcdonalds","tag-media-radio","tag-police","tag-suisse","tag-world","tag-world-news"],"share_on_mastodon":{"url":"https:\/\/pubeurope.com\/@ch_fr\/117185104375500430","error":""},"_links":{"self":[{"href":"https:\/\/www.europesays.com\/ch-fr\/wp-json\/wp\/v2\/posts\/283265","targetHints":{"allow":["GET"]}}],"collection":[{"href":"https:\/\/www.europesays.com\/ch-fr\/wp-json\/wp\/v2\/posts"}],"about":[{"href":"https:\/\/www.europesays.com\/ch-fr\/wp-json\/wp\/v2\/types\/post"}],"author":[{"embeddable":true,"href":"https:\/\/www.europesays.com\/ch-fr\/wp-json\/wp\/v2\/users\/2"}],"replies":[{"embeddable":true,"href":"https:\/\/www.europesays.com\/ch-fr\/wp-json\/wp\/v2\/comments?post=283265"}],"version-history":[{"count":0,"href":"https:\/\/www.europesays.com\/ch-fr\/wp-json\/wp\/v2\/posts\/283265\/revisions"}],"wp:featuredmedia":[{"embeddable":true,"href":"https:\/\/www.europesays.com\/ch-fr\/wp-json\/wp\/v2\/media\/283266"}],"wp:attachment":[{"href":"https:\/\/www.europesays.com\/ch-fr\/wp-json\/wp\/v2\/media?parent=283265"}],"wp:term":[{"taxonomy":"category","embeddable":true,"href":"https:\/\/www.europesays.com\/ch-fr\/wp-json\/wp\/v2\/categories?post=283265"},{"taxonomy":"post_tag","embeddable":true,"href":"https:\/\/www.europesays.com\/ch-fr\/wp-json\/wp\/v2\/tags?post=283265"}],"curies":[{"name":"wp","href":"https:\/\/api.w.org\/{rel}","templated":true}]}}