{"id":283285,"date":"2026-08-30T15:32:13","date_gmt":"2026-08-30T15:32:13","guid":{"rendered":"https:\/\/www.europesays.com\/ch-fr\/283285\/"},"modified":"2026-08-30T15:32:13","modified_gmt":"2026-08-30T15:32:13","slug":"albert-rosti-accuse-de-limiter-lemploi-de-termes-lies-au-rechauffement-climatique-dans-les-textes-officiels","status":"publish","type":"post","link":"https:\/\/www.europesays.com\/ch-fr\/283285\/","title":{"rendered":"Albert R\u00f6sti accus\u00e9 de limiter l\u2019emploi de termes li\u00e9s au r\u00e9chauffement climatique dans les textes officiels"},"content":{"rendered":"<p>    R\u00e9sum\u00e9 en 20 secondes<\/p>\n<p>        En savoir plus sur ce type de contenu<\/p>\n<p>Ce r\u00e9sum\u00e9 peut avoir \u00e9t\u00e9 \u00e9crit avec l&rsquo;assistance d\u2019une IA g\u00e9n\u00e9rative. <a href=\"https:\/\/www.letemps.ch\/cyber\/l-usage-de-l-ia-generative-par-les-journalistes-du-temps\" rel=\"nofollow noopener\" target=\"_blank\">En savoir plus<\/a><\/p>\n<p class=\"article__abstract-call-to-action\" data-ariato=\"TrackableElement\" data-trackable-element-type=\"article_abstract_cta\" data-trackable-element-location=\"article_header\" data-trackable-element-id=\"541098\">\n        <a data-event=\"click-&gt;clicked\" href=\"https:\/\/www.letemps.ch\/abonnements\" rel=\"nofollow noopener\" target=\"_blank\">Abonnez-vous<\/a> pour acc\u00e9der au r\u00e9sum\u00e9 en 20 secondes.\n      <\/p>\n<p>Une nouvelle salve de critiques vise Albert R\u00f6sti, le conseiller f\u00e9d\u00e9ral \u00e0 la t\u00eate du D\u00e9partement f\u00e9d\u00e9ral de l\u2019environnement, des transports, de l\u2019\u00e9nergie et de la communication (DETEC). Dans son \u00e9dition dominicale, le journal <a href=\"https:\/\/www.blick.ch\/politik\/sprach-tabu-in-roestis-uvek-begriff-klima-besser-komplett-weglassen-id22220157.html\" rel=\"nofollow noopener\" target=\"_blank\">Blick<\/a> affirme que sous son administration, des notions telles que \u00abchangement climatique\u00bb et \u00abr\u00e9chauffement climatique\u00bb ont \u00e9t\u00e9 en partie supprim\u00e9es de textes officiels. Le terme \u00abbiodiversit\u00e9\u00bb aurait \u00e9galement \u00e9t\u00e9 qualifi\u00e9 de \u00abnon souhaitable\u00bb dans des directives internes.<\/p>\n<p>Le quotidien ajoute que ces directives seraient influenc\u00e9es par Yves Bichsel, le secr\u00e9taire g\u00e9n\u00e9ral d\u2019Albert R\u00f6sti, un Bernois pr\u00e9sent\u00e9 comme adepte de la ligne dure de l\u2019UDC. Des sources de l\u2019administration f\u00e9d\u00e9rale auraient rapport\u00e9 que les deux hommes auraient lanc\u00e9 un programme climatosceptique. \u00abApr\u00e8s l\u2019entr\u00e9e en fonction du conseiller f\u00e9d\u00e9ral R\u00f6sti, nous avons d\u00fb, sur ordre de son secr\u00e9taire g\u00e9n\u00e9ral Yves Bichsel, adapter certains textes dans lesquels figurait les mots \u00abchangement climatique\u00bb, t\u00e9moigne au Blick l\u2019ex-directeur de l\u2019Office f\u00e9d\u00e9ral des transports Peter F\u00fcglistaler.<\/p>\n","protected":false},"excerpt":{"rendered":"R\u00e9sum\u00e9 en 20 secondes En savoir plus sur ce type de contenu Ce r\u00e9sum\u00e9 peut avoir \u00e9t\u00e9 \u00e9crit&hellip;\n","protected":false},"author":2,"featured_media":283286,"comment_status":"","ping_status":"","sticky":false,"template":"","format":"standard","meta":{"footnotes":"","_share_on_mastodon":"0"},"categories":[3],"tags":[2306,221,174,23],"class_list":["post-283285","post","type-post","status-publish","format-standard","has-post-thumbnail","category-suisse","tag-albert-rosti","tag-climat","tag-premium","tag-suisse"],"share_on_mastodon":{"url":"https:\/\/pubeurope.com\/@ch_fr\/117185186633151902","error":""},"_links":{"self":[{"href":"https:\/\/www.europesays.com\/ch-fr\/wp-json\/wp\/v2\/posts\/283285","targetHints":{"allow":["GET"]}}],"collection":[{"href":"https:\/\/www.europesays.com\/ch-fr\/wp-json\/wp\/v2\/posts"}],"about":[{"href":"https:\/\/www.europesays.com\/ch-fr\/wp-json\/wp\/v2\/types\/post"}],"author":[{"embeddable":true,"href":"https:\/\/www.europesays.com\/ch-fr\/wp-json\/wp\/v2\/users\/2"}],"replies":[{"embeddable":true,"href":"https:\/\/www.europesays.com\/ch-fr\/wp-json\/wp\/v2\/comments?post=283285"}],"version-history":[{"count":0,"href":"https:\/\/www.europesays.com\/ch-fr\/wp-json\/wp\/v2\/posts\/283285\/revisions"}],"wp:featuredmedia":[{"embeddable":true,"href":"https:\/\/www.europesays.com\/ch-fr\/wp-json\/wp\/v2\/media\/283286"}],"wp:attachment":[{"href":"https:\/\/www.europesays.com\/ch-fr\/wp-json\/wp\/v2\/media?parent=283285"}],"wp:term":[{"taxonomy":"category","embeddable":true,"href":"https:\/\/www.europesays.com\/ch-fr\/wp-json\/wp\/v2\/categories?post=283285"},{"taxonomy":"post_tag","embeddable":true,"href":"https:\/\/www.europesays.com\/ch-fr\/wp-json\/wp\/v2\/tags?post=283285"}],"curies":[{"name":"wp","href":"https:\/\/api.w.org\/{rel}","templated":true}]}}