{"id":283369,"date":"2026-08-30T16:56:25","date_gmt":"2026-08-30T16:56:25","guid":{"rendered":"https:\/\/www.europesays.com\/ch-fr\/283369\/"},"modified":"2026-08-30T16:56:25","modified_gmt":"2026-08-30T16:56:25","slug":"education-soit-ils-perdent-leurs-copains-soit-la-maison-dans-laquelle-ils-ont-vecu-la-fin-de-la-scolarite-des-frontaliers-a-geneve-pese-sur-les-familles","status":"publish","type":"post","link":"https:\/\/www.europesays.com\/ch-fr\/283369\/","title":{"rendered":"\u00c9ducation \u00ab Soit ils perdent leurs copains, soit la maison dans laquelle ils ont v\u00e9cu \u00bb : la\u00a0fin de la\u00a0scolarit\u00e9 des frontaliers \u00e0 Gen\u00e8ve p\u00e8se sur les familles"},"content":{"rendered":"<p>Depuis un an et bient\u00f4t trois mois que Gen\u00e8ve a d\u00e9cid\u00e9 unilat\u00e9ralement de refuser la scolarit\u00e9 des enfants frontaliers, on a beaucoup parl\u00e9 <a href=\"https:\/\/www.ledauphine.com\/politique\/2025\/09\/25\/crise-politique-inedite-entre-francais-et-genevois-sur-le-refus-de-scolarite-quelle-peut-etre-l-issue\" target=\"_blank\" rel=\"nofollow noopener\">des passes d\u2019armes diplomatiques<\/a>. Mais en cette rentr\u00e9e, place aux situations humaines.<\/p>\n<p>Si le d\u00e9partement de l\u2019instruction publique genevois a l\u00e2ch\u00e9 quelques concessions lors des discussions franco-suisses, <a href=\"https:\/\/www.ledauphine.com\/education\/2026\/03\/18\/scolarisation-des-eleves-frontaliers-petite-concession-pour-le-primaire\" target=\"_blank\" rel=\"nofollow noopener\">comme le fait de pouvoir terminer l\u2019\u00e9l\u00e9mentaire<\/a>, ce sont quand m\u00eame des centaines de familles et d\u2019\u00e9l\u00e8ves qui sont concern\u00e9s par un changement de scolarit\u00e9. Et celui-ci est aussi toujours un changement de vie, avec un bricolage qui vise \u00e0 trouver les moins mauvaises solutions.<\/p>\n<p>\u00ab\u00a0Il y a tous les types. Ceux qui rejoignent le public fran\u00e7ais, ceux qui vont dans le syst\u00e8me priv\u00e9, que ce soit \u00e0 Gen\u00e8ve ou en France, ceux qui cherchent \u00e0 vendre leurs&#8230;<\/p>\n","protected":false},"excerpt":{"rendered":"Depuis un an et bient\u00f4t trois mois que Gen\u00e8ve a d\u00e9cid\u00e9 unilat\u00e9ralement de refuser la scolarit\u00e9 des enfants&hellip;\n","protected":false},"author":2,"featured_media":283370,"comment_status":"","ping_status":"","sticky":false,"template":"","format":"standard","meta":{"footnotes":"","_share_on_mastodon":"0"},"categories":[17],"tags":[8981,9180,22807,3766,988,297,9179,170,169,1781,32192,23],"class_list":["post-283369","post","type-post","status-publish","format-standard","has-post-thumbnail","category-geneve","tag-annemasse","tag-annemasse-bassin","tag-college-lycee","tag-edition-grand-geneve-chablais-ain","tag-education","tag-fil-info","tag-frontaliers","tag-geneva","tag-geneve","tag-haute-savoie","tag-maternelle-elementaire","tag-suisse"],"share_on_mastodon":{"url":"https:\/\/pubeurope.com\/@ch_fr\/117185516981804186","error":""},"_links":{"self":[{"href":"https:\/\/www.europesays.com\/ch-fr\/wp-json\/wp\/v2\/posts\/283369","targetHints":{"allow":["GET"]}}],"collection":[{"href":"https:\/\/www.europesays.com\/ch-fr\/wp-json\/wp\/v2\/posts"}],"about":[{"href":"https:\/\/www.europesays.com\/ch-fr\/wp-json\/wp\/v2\/types\/post"}],"author":[{"embeddable":true,"href":"https:\/\/www.europesays.com\/ch-fr\/wp-json\/wp\/v2\/users\/2"}],"replies":[{"embeddable":true,"href":"https:\/\/www.europesays.com\/ch-fr\/wp-json\/wp\/v2\/comments?post=283369"}],"version-history":[{"count":0,"href":"https:\/\/www.europesays.com\/ch-fr\/wp-json\/wp\/v2\/posts\/283369\/revisions"}],"wp:featuredmedia":[{"embeddable":true,"href":"https:\/\/www.europesays.com\/ch-fr\/wp-json\/wp\/v2\/media\/283370"}],"wp:attachment":[{"href":"https:\/\/www.europesays.com\/ch-fr\/wp-json\/wp\/v2\/media?parent=283369"}],"wp:term":[{"taxonomy":"category","embeddable":true,"href":"https:\/\/www.europesays.com\/ch-fr\/wp-json\/wp\/v2\/categories?post=283369"},{"taxonomy":"post_tag","embeddable":true,"href":"https:\/\/www.europesays.com\/ch-fr\/wp-json\/wp\/v2\/tags?post=283369"}],"curies":[{"name":"wp","href":"https:\/\/api.w.org\/{rel}","templated":true}]}}