{"id":283383,"date":"2026-08-30T17:06:13","date_gmt":"2026-08-30T17:06:13","guid":{"rendered":"https:\/\/www.europesays.com\/ch-fr\/283383\/"},"modified":"2026-08-30T17:06:13","modified_gmt":"2026-08-30T17:06:13","slug":"en-images-eclipse-de-lune-du-28-aout-les-plus-belles-photos-prises-en-finistere","status":"publish","type":"post","link":"https:\/\/www.europesays.com\/ch-fr\/283383\/","title":{"rendered":"EN IMAGES. \u00c9clipse de lune du 28\u00a0ao\u00fbt\u00a0: les plus belles photos prises en Finist\u00e8re"},"content":{"rendered":"<p data-ofstats-scroll=\"read_depth_20\">Un peu plus de deux semaines apr\u00e8s le magnifique spectacle c\u00e9leste du 12\u00a0ao\u00fbt et l\u2019\u00e9clipse solaire partielle, le trio Terre-Lune-Soleil a propos\u00e9 un nouveau ballet, vendredi 28\u00a0ao\u00fbt 2026, avec une nouvelle \u00e9clipse. Cette fois-ci, c\u2019est la Lune qui est pass\u00e9e dans l\u2019ombre de la Terre.<\/p>\n<p data-ofstats-scroll=\"read_depth_30\">Le pic maximal de visibilit\u00e9 \u00e9tait \u00e0 6\u00a0h\u00a012. \u00ab\u00a0La Terre s\u2019est projet\u00e9e sur notre satellite et en lui donnant un aspect cuivr\u00e9\u00a0\u00bb, a d\u00e9taill\u00e9 la Cit\u00e9 de l\u2019espace sur son site internet. Plusieurs Finist\u00e9riens \u2013 tel le photographe Alexandre Croisier\u00a0(voir ci-dessus) \u2013 n\u2019ont pas manqu\u00e9 l\u2019occasion d\u2019avoir un ciel d\u00e9gag\u00e9 pour capter cet instant suspendu, observable \u00e0 l\u2019\u0153il nu.\u00a0<\/p>\n<p>                        <img decoding=\"async\" class=\"su-media\" title=\"Mat\u00e9o Le Sa\u00ebc a capt\u00e9 le ph\u00e9nom\u00e8ne depuis le panorama de la pointe de l\u2019Armorique, \u00e0 Plougastel-Daoulas.\" src=\"data:image\/png;base64,iVBORw0KGgoAAAANSUhEUgAAABAAAAAJCAYAAAA7KqwyAAAAGXRFWHRTb2Z0d2FyZQBBZG9iZSBJbWFnZVJlYWR5ccllPAAAABhJREFUeNpi\/P\/\/PwMlgHHUgFEDgAAgwAD+lBrvy+NcxAAAAABJRU5ErkJggg==\" data-oflazyload=\"{&quot;srcset&quot;:&quot;https:\/\/media.ouest-france.fr\/v1\/pictures\/MjAyNjA4NjE0ZDZkNGFiNzM4ZGM4OWQwZjcxZjRhYjMyYjhkZDA?width=320&amp;focuspoint=42%2C53&amp;cropresize=1&amp;client_id=bpeditorial&amp;sign=2d497c4072bcf5d73a5110d9d136ab709674b485f9af11c6264b40aa58246bdf 280w, https:\/\/media.ouest-france.fr\/v1\/pictures\/MjAyNjA4NjE0ZDZkNGFiNzM4ZGM4OWQwZjcxZjRhYjMyYjhkZDA?width=375&amp;focuspoint=42%2C53&amp;cropresize=1&amp;client_id=bpeditorial&amp;sign=cdb46cd6b43840c8864bca3f7df0d3b459ac727e271dd6fa364091dba8b5beba 360w, https:\/\/media.ouest-france.fr\/v1\/pictures\/MjAyNjA4NjE0ZDZkNGFiNzM4ZGM4OWQwZjcxZjRhYjMyYjhkZDA?width=480&amp;focuspoint=42%2C53&amp;cropresize=1&amp;client_id=bpeditorial&amp;sign=73e8ee98f41654d1eca1809f70c4002c6676d5bc2685b96e1e0247f19ccff509 480w, https:\/\/media.ouest-france.fr\/v1\/pictures\/MjAyNjA4NjE0ZDZkNGFiNzM4ZGM4OWQwZjcxZjRhYjMyYjhkZDA?width=630&amp;focuspoint=42%2C53&amp;cropresize=1&amp;client_id=bpeditorial&amp;sign=fb9d2412cfcee4d59f28c2003679c2ad6f8b7cbbf5031fdcc8ba9239a9bbfae7 630w, https:\/\/media.ouest-france.fr\/v1\/pictures\/MjAyNjA4NjE0ZDZkNGFiNzM4ZGM4OWQwZjcxZjRhYjMyYjhkZDA?width=940&amp;focuspoint=42%2C53&amp;cropresize=1&amp;client_id=bpeditorial&amp;sign=54732c411ba953bb0aecff3007e25da6446083863bc1102a15356fe63ed0542e 940w, https:\/\/media.ouest-france.fr\/v1\/pictures\/MjAyNjA4NjE0ZDZkNGFiNzM4ZGM4OWQwZjcxZjRhYjMyYjhkZDA?width=1260&amp;focuspoint=42%2C53&amp;cropresize=1&amp;client_id=bpeditorial&amp;sign=3673cba7889342f6eec219592d7864d4c13b2d8d4557ebaaff60bceb09fe2cd1 1260w&quot; }\"\/><\/p>\n<p>                    Mat\u00e9o Le Sa\u00ebc a capt\u00e9 le ph\u00e9nom\u00e8ne depuis le panorama de la pointe de l\u2019Armorique, \u00e0 Plougastel-Daoulas. | MAT\u00c9O LE SA\u00cbC<br \/>\n                    Voir en plein \u00e9cran<\/p>\n<p>                    <img decoding=\"async\" class=\"media\" title=\"Mat\u00e9o Le Sa\u00ebc a capt\u00e9 le ph\u00e9nom\u00e8ne depuis le panorama de la pointe de l\u2019Armorique, \u00e0 Plougastel-Daoulas.\" data-oflazyload=\"{&quot;srcset&quot;:&quot;https:\/\/media.ouest-france.fr\/v1\/pictures\/MjAyNjA4NjE0ZDZkNGFiNzM4ZGM4OWQwZjcxZjRhYjMyYjhkZDA?width=320&amp;focuspoint=42%2C53&amp;cropresize=1&amp;client_id=bpeditorial&amp;sign=2d497c4072bcf5d73a5110d9d136ab709674b485f9af11c6264b40aa58246bdf 280w, https:\/\/media.ouest-france.fr\/v1\/pictures\/MjAyNjA4NjE0ZDZkNGFiNzM4ZGM4OWQwZjcxZjRhYjMyYjhkZDA?width=375&amp;focuspoint=42%2C53&amp;cropresize=1&amp;client_id=bpeditorial&amp;sign=cdb46cd6b43840c8864bca3f7df0d3b459ac727e271dd6fa364091dba8b5beba 360w, https:\/\/media.ouest-france.fr\/v1\/pictures\/MjAyNjA4NjE0ZDZkNGFiNzM4ZGM4OWQwZjcxZjRhYjMyYjhkZDA?width=480&amp;focuspoint=42%2C53&amp;cropresize=1&amp;client_id=bpeditorial&amp;sign=73e8ee98f41654d1eca1809f70c4002c6676d5bc2685b96e1e0247f19ccff509 480w, https:\/\/media.ouest-france.fr\/v1\/pictures\/MjAyNjA4NjE0ZDZkNGFiNzM4ZGM4OWQwZjcxZjRhYjMyYjhkZDA?width=630&amp;focuspoint=42%2C53&amp;cropresize=1&amp;client_id=bpeditorial&amp;sign=fb9d2412cfcee4d59f28c2003679c2ad6f8b7cbbf5031fdcc8ba9239a9bbfae7 630w, https:\/\/media.ouest-france.fr\/v1\/pictures\/MjAyNjA4NjE0ZDZkNGFiNzM4ZGM4OWQwZjcxZjRhYjMyYjhkZDA?width=940&amp;focuspoint=42%2C53&amp;cropresize=1&amp;client_id=bpeditorial&amp;sign=54732c411ba953bb0aecff3007e25da6446083863bc1102a15356fe63ed0542e 940w, https:\/\/media.ouest-france.fr\/v1\/pictures\/MjAyNjA4NjE0ZDZkNGFiNzM4ZGM4OWQwZjcxZjRhYjMyYjhkZDA?width=1260&amp;focuspoint=42%2C53&amp;cropresize=1&amp;client_id=bpeditorial&amp;sign=3673cba7889342f6eec219592d7864d4c13b2d8d4557ebaaff60bceb09fe2cd1 1260w&quot; }\"\/><br \/>\n                    Mat\u00e9o Le Sa\u00ebc a capt\u00e9 le ph\u00e9nom\u00e8ne depuis le panorama de la pointe de l\u2019Armorique, \u00e0 Plougastel-Daoulas. | MAT\u00c9O LE SA\u00cbC<\/p>\n<p data-ofstats-scroll=\"read_depth_50\">Mat\u00e9o Le Sa\u00ebc a \u00e9t\u00e9 un des nombreux internautes \u00e0 avoir r\u00e9pondu \u00e0 <a href=\"https:\/\/www.ouest-france.fr\/sciences\/espace\/lune\/eclipse-de-lune-du-28-aout-en-finistere-envoyez-nous-vos-plus-belles-photos-56259d00-a2ba-11f1-8465-547a0964275c\" target=\"_self\" rel=\"nofollow noopener\">notre appel \u00e0 photos, lanc\u00e9 sur le site ouest-france.fr.<\/a> Il s\u2019est d\u00e9plac\u00e9 \u00e0 la pointe de l\u2019Armorique, \u00e0 Plougastel-Daoulas pour capter le moment.<\/p>\n<p>                        <img decoding=\"async\" class=\"su-media\" title=\"Depuis Quimper, Marcel Qu\u00e9m\u00e9ner a saisi ce magnifique spectacle.\" src=\"data:image\/png;base64,iVBORw0KGgoAAAANSUhEUgAAABAAAAAJCAYAAAA7KqwyAAAAGXRFWHRTb2Z0d2FyZQBBZG9iZSBJbWFnZVJlYWR5ccllPAAAABhJREFUeNpi\/P\/\/PwMlgHHUgFEDgAAgwAD+lBrvy+NcxAAAAABJRU5ErkJggg==\" data-oflazyload=\"{&quot;srcset&quot;:&quot;https:\/\/media.ouest-france.fr\/v1\/pictures\/MjAyNjA4NzgyZTZiNzJmNmMwNmUxMjc1MTEyMTI4NTRjMGI5ZDM?width=320&amp;focuspoint=47%2C40&amp;cropresize=1&amp;client_id=bpeditorial&amp;sign=a551e7bd3cac4dc07f76bce48a50cf911a29e5defafce02bf5dbc445f6b58807 280w, https:\/\/media.ouest-france.fr\/v1\/pictures\/MjAyNjA4NzgyZTZiNzJmNmMwNmUxMjc1MTEyMTI4NTRjMGI5ZDM?width=375&amp;focuspoint=47%2C40&amp;cropresize=1&amp;client_id=bpeditorial&amp;sign=5b9a86911e3f5a8c9eb119105239698cc07c9249b75fbbed3a7adcfc9bc8fe43 360w, https:\/\/media.ouest-france.fr\/v1\/pictures\/MjAyNjA4NzgyZTZiNzJmNmMwNmUxMjc1MTEyMTI4NTRjMGI5ZDM?width=480&amp;focuspoint=47%2C40&amp;cropresize=1&amp;client_id=bpeditorial&amp;sign=2311dcbf23d172d25b8fc5ad5643b18334dfe3d20d476fd81d9387d657b78b54 480w, https:\/\/media.ouest-france.fr\/v1\/pictures\/MjAyNjA4NzgyZTZiNzJmNmMwNmUxMjc1MTEyMTI4NTRjMGI5ZDM?width=630&amp;focuspoint=47%2C40&amp;cropresize=1&amp;client_id=bpeditorial&amp;sign=6c6d4d89b37424324df92737dfb7b0614ae2762d1fbd05376de1f9ee55bc8678 630w, https:\/\/media.ouest-france.fr\/v1\/pictures\/MjAyNjA4NzgyZTZiNzJmNmMwNmUxMjc1MTEyMTI4NTRjMGI5ZDM?width=940&amp;focuspoint=47%2C40&amp;cropresize=1&amp;client_id=bpeditorial&amp;sign=f6364731c3cdda6d45ff69548da8b89016bc267c2100a6e68c35e11a8b298365 940w, https:\/\/media.ouest-france.fr\/v1\/pictures\/MjAyNjA4NzgyZTZiNzJmNmMwNmUxMjc1MTEyMTI4NTRjMGI5ZDM?width=1260&amp;focuspoint=47%2C40&amp;cropresize=1&amp;client_id=bpeditorial&amp;sign=a8cd877c88ebec5d8321801e43247bb6e5881001d56d6cb40c5c6dcd42c438f2 1260w&quot; }\"\/><\/p>\n<p>                    Depuis Quimper, Marcel Qu\u00e9m\u00e9ner a saisi ce magnifique spectacle. | MARCEL QU\u00c9M\u00c9NER<br \/>\n                    Voir en plein \u00e9cran<\/p>\n<p>                    <img decoding=\"async\" class=\"media\" title=\"Depuis Quimper, Marcel Qu\u00e9m\u00e9ner a saisi ce magnifique spectacle.\" data-oflazyload=\"{&quot;srcset&quot;:&quot;https:\/\/media.ouest-france.fr\/v1\/pictures\/MjAyNjA4NzgyZTZiNzJmNmMwNmUxMjc1MTEyMTI4NTRjMGI5ZDM?width=320&amp;focuspoint=47%2C40&amp;cropresize=1&amp;client_id=bpeditorial&amp;sign=a551e7bd3cac4dc07f76bce48a50cf911a29e5defafce02bf5dbc445f6b58807 280w, https:\/\/media.ouest-france.fr\/v1\/pictures\/MjAyNjA4NzgyZTZiNzJmNmMwNmUxMjc1MTEyMTI4NTRjMGI5ZDM?width=375&amp;focuspoint=47%2C40&amp;cropresize=1&amp;client_id=bpeditorial&amp;sign=5b9a86911e3f5a8c9eb119105239698cc07c9249b75fbbed3a7adcfc9bc8fe43 360w, https:\/\/media.ouest-france.fr\/v1\/pictures\/MjAyNjA4NzgyZTZiNzJmNmMwNmUxMjc1MTEyMTI4NTRjMGI5ZDM?width=480&amp;focuspoint=47%2C40&amp;cropresize=1&amp;client_id=bpeditorial&amp;sign=2311dcbf23d172d25b8fc5ad5643b18334dfe3d20d476fd81d9387d657b78b54 480w, https:\/\/media.ouest-france.fr\/v1\/pictures\/MjAyNjA4NzgyZTZiNzJmNmMwNmUxMjc1MTEyMTI4NTRjMGI5ZDM?width=630&amp;focuspoint=47%2C40&amp;cropresize=1&amp;client_id=bpeditorial&amp;sign=6c6d4d89b37424324df92737dfb7b0614ae2762d1fbd05376de1f9ee55bc8678 630w, https:\/\/media.ouest-france.fr\/v1\/pictures\/MjAyNjA4NzgyZTZiNzJmNmMwNmUxMjc1MTEyMTI4NTRjMGI5ZDM?width=940&amp;focuspoint=47%2C40&amp;cropresize=1&amp;client_id=bpeditorial&amp;sign=f6364731c3cdda6d45ff69548da8b89016bc267c2100a6e68c35e11a8b298365 940w, https:\/\/media.ouest-france.fr\/v1\/pictures\/MjAyNjA4NzgyZTZiNzJmNmMwNmUxMjc1MTEyMTI4NTRjMGI5ZDM?width=1260&amp;focuspoint=47%2C40&amp;cropresize=1&amp;client_id=bpeditorial&amp;sign=a8cd877c88ebec5d8321801e43247bb6e5881001d56d6cb40c5c6dcd42c438f2 1260w&quot; }\"\/><br \/>\n                    Depuis Quimper, Marcel Qu\u00e9m\u00e9ner a saisi ce magnifique spectacle. | MARCEL QU\u00c9M\u00c9NER<\/p>\n<p data-ofstats-scroll=\"read_depth_50\">Marcel Qu\u00e9m\u00e9ner \u00e9tait, lui, sur les hauteurs de Quimper, dans le quartier de la Terre Noire, avec l\u2019objectif orient\u00e9 Ouest\/Sud-Ouest pour voir la Lune prendre sa teinte cuivr\u00e9e.<\/p>\n<p data-ofstats-scroll=\"read_depth_70\">\u00ab\u00a0Mais d\u2019o\u00f9 vient cette couleur\u00a0?, d\u00e9crypte la Cit\u00e9 de l\u2019espace. Lorsque la Lune entre dans l\u2019ombre de la Terre, elle n\u2019est pas dans le noir complet. La seule lumi\u00e8re qui lui parvient est celle qui passe \u00e0 travers l\u2019atmosph\u00e8re de la Terre.\u00a0\u00bb<\/p>\n<p>                        <img decoding=\"async\" class=\"su-media\" title=\"Pierre-Yvon Boisnard a r\u00e9alis\u00e9 un montage de ses photos prises au Diben, \u00e0 Plougasnou, pour mieux saisir le ph\u00e9nom\u00e8ne.\" src=\"data:image\/png;base64,iVBORw0KGgoAAAANSUhEUgAAABAAAAAJCAYAAAA7KqwyAAAAGXRFWHRTb2Z0d2FyZQBBZG9iZSBJbWFnZVJlYWR5ccllPAAAABhJREFUeNpi\/P\/\/PwMlgHHUgFEDgAAgwAD+lBrvy+NcxAAAAABJRU5ErkJggg==\" data-oflazyload=\"{&quot;srcset&quot;:&quot;https:\/\/media.ouest-france.fr\/v1\/pictures\/MjAyNjA4ZWFiYzQ4ZDg2OWE4YjdiY2MyMmRkZTQ4M2E5ODFhYzc?width=320&amp;focuspoint=50%2C25&amp;cropresize=1&amp;client_id=bpeditorial&amp;sign=a61b835eff1ed192b9a33c04e1ce798100a557e88ed1971996a67938f1a4939e 280w, https:\/\/media.ouest-france.fr\/v1\/pictures\/MjAyNjA4ZWFiYzQ4ZDg2OWE4YjdiY2MyMmRkZTQ4M2E5ODFhYzc?width=375&amp;focuspoint=50%2C25&amp;cropresize=1&amp;client_id=bpeditorial&amp;sign=e0467b01653be42d30e98d4d60a2ddd71d5cea3cc34d1533a887e07774863535 360w, https:\/\/media.ouest-france.fr\/v1\/pictures\/MjAyNjA4ZWFiYzQ4ZDg2OWE4YjdiY2MyMmRkZTQ4M2E5ODFhYzc?width=480&amp;focuspoint=50%2C25&amp;cropresize=1&amp;client_id=bpeditorial&amp;sign=699f7640018c23490f45c47ac26f010d13658e94128dcc919528e00834974962 480w, https:\/\/media.ouest-france.fr\/v1\/pictures\/MjAyNjA4ZWFiYzQ4ZDg2OWE4YjdiY2MyMmRkZTQ4M2E5ODFhYzc?width=630&amp;focuspoint=50%2C25&amp;cropresize=1&amp;client_id=bpeditorial&amp;sign=d92c11f0b71f5e0748c0adaa1e73ad3c15c92066f930d979987d5baa8e9e8b5b 630w, https:\/\/media.ouest-france.fr\/v1\/pictures\/MjAyNjA4ZWFiYzQ4ZDg2OWE4YjdiY2MyMmRkZTQ4M2E5ODFhYzc?width=940&amp;focuspoint=50%2C25&amp;cropresize=1&amp;client_id=bpeditorial&amp;sign=f38e17a16f86af692a596a21f7ed9f6270d5c594630dabffa86811d5247ab161 940w, https:\/\/media.ouest-france.fr\/v1\/pictures\/MjAyNjA4ZWFiYzQ4ZDg2OWE4YjdiY2MyMmRkZTQ4M2E5ODFhYzc?width=1260&amp;focuspoint=50%2C25&amp;cropresize=1&amp;client_id=bpeditorial&amp;sign=4602cb3f1cef2a62bc912e168b17069161ff3bb79f240b9bbbaf762fd5132301 1260w&quot; }\"\/><\/p>\n<p>                    Pierre-Yvon Boisnard a r\u00e9alis\u00e9 un montage de ses photos prises au Diben, \u00e0 Plougasnou, pour mieux saisir le ph\u00e9nom\u00e8ne. | PIERRE-YVON BOISNARD<br \/>\n                    Voir en plein \u00e9cran<\/p>\n<p>                    <img decoding=\"async\" class=\"media\" title=\"Pierre-Yvon Boisnard a r\u00e9alis\u00e9 un montage de ses photos prises au Diben, \u00e0 Plougasnou, pour mieux saisir le ph\u00e9nom\u00e8ne.\" data-oflazyload=\"{&quot;srcset&quot;:&quot;https:\/\/media.ouest-france.fr\/v1\/pictures\/MjAyNjA4ZWFiYzQ4ZDg2OWE4YjdiY2MyMmRkZTQ4M2E5ODFhYzc?width=320&amp;focuspoint=50%2C25&amp;cropresize=1&amp;client_id=bpeditorial&amp;sign=a61b835eff1ed192b9a33c04e1ce798100a557e88ed1971996a67938f1a4939e 280w, https:\/\/media.ouest-france.fr\/v1\/pictures\/MjAyNjA4ZWFiYzQ4ZDg2OWE4YjdiY2MyMmRkZTQ4M2E5ODFhYzc?width=375&amp;focuspoint=50%2C25&amp;cropresize=1&amp;client_id=bpeditorial&amp;sign=e0467b01653be42d30e98d4d60a2ddd71d5cea3cc34d1533a887e07774863535 360w, https:\/\/media.ouest-france.fr\/v1\/pictures\/MjAyNjA4ZWFiYzQ4ZDg2OWE4YjdiY2MyMmRkZTQ4M2E5ODFhYzc?width=480&amp;focuspoint=50%2C25&amp;cropresize=1&amp;client_id=bpeditorial&amp;sign=699f7640018c23490f45c47ac26f010d13658e94128dcc919528e00834974962 480w, https:\/\/media.ouest-france.fr\/v1\/pictures\/MjAyNjA4ZWFiYzQ4ZDg2OWE4YjdiY2MyMmRkZTQ4M2E5ODFhYzc?width=630&amp;focuspoint=50%2C25&amp;cropresize=1&amp;client_id=bpeditorial&amp;sign=d92c11f0b71f5e0748c0adaa1e73ad3c15c92066f930d979987d5baa8e9e8b5b 630w, https:\/\/media.ouest-france.fr\/v1\/pictures\/MjAyNjA4ZWFiYzQ4ZDg2OWE4YjdiY2MyMmRkZTQ4M2E5ODFhYzc?width=940&amp;focuspoint=50%2C25&amp;cropresize=1&amp;client_id=bpeditorial&amp;sign=f38e17a16f86af692a596a21f7ed9f6270d5c594630dabffa86811d5247ab161 940w, https:\/\/media.ouest-france.fr\/v1\/pictures\/MjAyNjA4ZWFiYzQ4ZDg2OWE4YjdiY2MyMmRkZTQ4M2E5ODFhYzc?width=1260&amp;focuspoint=50%2C25&amp;cropresize=1&amp;client_id=bpeditorial&amp;sign=4602cb3f1cef2a62bc912e168b17069161ff3bb79f240b9bbbaf762fd5132301 1260w&quot; }\"\/><br \/>\n                    Pierre-Yvon Boisnard a r\u00e9alis\u00e9 un montage de ses photos prises au Diben, \u00e0 Plougasnou, pour mieux saisir le ph\u00e9nom\u00e8ne. | PIERRE-YVON BOISNARD<\/p>\n<p data-ofstats-scroll=\"read_depth_90\">Et la Cit\u00e9 de l\u2019espace d\u2019ajouter\u00a0: \u00ab\u00a0Lorsque vous regardez un coucher de Soleil, celui-ci devient de plus en plus rouge. C\u2019est parce que sa lumi\u00e8re rasante traverse des couches d\u2019atmosph\u00e8re de plus en plus denses. Donc lors d\u2019une \u00e9clipse, c\u2019est un peu le m\u00eame ph\u00e9nom\u00e8ne. C\u2019est comme si tous les couchers de Soleil du monde se refl\u00e9taient, en m\u00eame temps, sur la Lune.\u00a0\u00bb<\/p>\n<p>                        <img decoding=\"async\" class=\"su-media\" title=\"Un clich\u00e9 pris \u00e0 Quimperl\u00e9, par Mathieu Lopin, vendredi 28\u00a0ao\u00fbt.\" src=\"data:image\/png;base64,iVBORw0KGgoAAAANSUhEUgAAABAAAAAJCAYAAAA7KqwyAAAAGXRFWHRTb2Z0d2FyZQBBZG9iZSBJbWFnZVJlYWR5ccllPAAAABhJREFUeNpi\/P\/\/PwMlgHHUgFEDgAAgwAD+lBrvy+NcxAAAAABJRU5ErkJggg==\" data-oflazyload=\"{&quot;srcset&quot;:&quot;https:\/\/media.ouest-france.fr\/v1\/pictures\/MjAyNjA4YzAwZmQ2YjAxNDg4NTFkYTQ3ZDdkZjdmNzJlZjAxZDY?width=320&amp;focuspoint=50%2C25&amp;cropresize=1&amp;client_id=bpeditorial&amp;sign=de3e4a85ca03826f02bf34741c1ca6f967b32dd8380912f53445f517a2a85f5b 280w, https:\/\/media.ouest-france.fr\/v1\/pictures\/MjAyNjA4YzAwZmQ2YjAxNDg4NTFkYTQ3ZDdkZjdmNzJlZjAxZDY?width=375&amp;focuspoint=50%2C25&amp;cropresize=1&amp;client_id=bpeditorial&amp;sign=a9c83319c2cc9e22441643f4f7073de14c66244de30c1532f2f436b6a9d59268 360w, https:\/\/media.ouest-france.fr\/v1\/pictures\/MjAyNjA4YzAwZmQ2YjAxNDg4NTFkYTQ3ZDdkZjdmNzJlZjAxZDY?width=480&amp;focuspoint=50%2C25&amp;cropresize=1&amp;client_id=bpeditorial&amp;sign=ab7b54b0c287f0a40fb0067f24fa3cfdc0a1fd2ff8ee4809c3e3e4cf9ed548df 480w, https:\/\/media.ouest-france.fr\/v1\/pictures\/MjAyNjA4YzAwZmQ2YjAxNDg4NTFkYTQ3ZDdkZjdmNzJlZjAxZDY?width=630&amp;focuspoint=50%2C25&amp;cropresize=1&amp;client_id=bpeditorial&amp;sign=46c9741d8844223e769dc358776079e0be50f78e19d00270ec1c992728dd963f 630w, https:\/\/media.ouest-france.fr\/v1\/pictures\/MjAyNjA4YzAwZmQ2YjAxNDg4NTFkYTQ3ZDdkZjdmNzJlZjAxZDY?width=940&amp;focuspoint=50%2C25&amp;cropresize=1&amp;client_id=bpeditorial&amp;sign=cdf073aec0ba9668f52c01206cc386cbf3c5c05eda63431bc1364196e554701e 940w, https:\/\/media.ouest-france.fr\/v1\/pictures\/MjAyNjA4YzAwZmQ2YjAxNDg4NTFkYTQ3ZDdkZjdmNzJlZjAxZDY?width=1260&amp;focuspoint=50%2C25&amp;cropresize=1&amp;client_id=bpeditorial&amp;sign=1a11f1fbd15b620eca5f63cdc249f3569951d03f20c9967892edd16bb5ae85a8 1260w&quot; }\"\/><\/p>\n<p>                    Un clich\u00e9 pris \u00e0 Quimperl\u00e9, par Mathieu Lopin, vendredi 28\u00a0ao\u00fbt. | MATHIEU LOPIN<br \/>\n                    Voir en plein \u00e9cran<\/p>\n<p>                    <img decoding=\"async\" class=\"media\" title=\"Un clich\u00e9 pris \u00e0 Quimperl\u00e9, par Mathieu Lopin, vendredi 28\u00a0ao\u00fbt.\" data-oflazyload=\"{&quot;srcset&quot;:&quot;https:\/\/media.ouest-france.fr\/v1\/pictures\/MjAyNjA4YzAwZmQ2YjAxNDg4NTFkYTQ3ZDdkZjdmNzJlZjAxZDY?width=320&amp;focuspoint=50%2C25&amp;cropresize=1&amp;client_id=bpeditorial&amp;sign=de3e4a85ca03826f02bf34741c1ca6f967b32dd8380912f53445f517a2a85f5b 280w, https:\/\/media.ouest-france.fr\/v1\/pictures\/MjAyNjA4YzAwZmQ2YjAxNDg4NTFkYTQ3ZDdkZjdmNzJlZjAxZDY?width=375&amp;focuspoint=50%2C25&amp;cropresize=1&amp;client_id=bpeditorial&amp;sign=a9c83319c2cc9e22441643f4f7073de14c66244de30c1532f2f436b6a9d59268 360w, https:\/\/media.ouest-france.fr\/v1\/pictures\/MjAyNjA4YzAwZmQ2YjAxNDg4NTFkYTQ3ZDdkZjdmNzJlZjAxZDY?width=480&amp;focuspoint=50%2C25&amp;cropresize=1&amp;client_id=bpeditorial&amp;sign=ab7b54b0c287f0a40fb0067f24fa3cfdc0a1fd2ff8ee4809c3e3e4cf9ed548df 480w, https:\/\/media.ouest-france.fr\/v1\/pictures\/MjAyNjA4YzAwZmQ2YjAxNDg4NTFkYTQ3ZDdkZjdmNzJlZjAxZDY?width=630&amp;focuspoint=50%2C25&amp;cropresize=1&amp;client_id=bpeditorial&amp;sign=46c9741d8844223e769dc358776079e0be50f78e19d00270ec1c992728dd963f 630w, https:\/\/media.ouest-france.fr\/v1\/pictures\/MjAyNjA4YzAwZmQ2YjAxNDg4NTFkYTQ3ZDdkZjdmNzJlZjAxZDY?width=940&amp;focuspoint=50%2C25&amp;cropresize=1&amp;client_id=bpeditorial&amp;sign=cdf073aec0ba9668f52c01206cc386cbf3c5c05eda63431bc1364196e554701e 940w, https:\/\/media.ouest-france.fr\/v1\/pictures\/MjAyNjA4YzAwZmQ2YjAxNDg4NTFkYTQ3ZDdkZjdmNzJlZjAxZDY?width=1260&amp;focuspoint=50%2C25&amp;cropresize=1&amp;client_id=bpeditorial&amp;sign=1a11f1fbd15b620eca5f63cdc249f3569951d03f20c9967892edd16bb5ae85a8 1260w&quot; }\"\/><br \/>\n                    Un clich\u00e9 pris \u00e0 Quimperl\u00e9, par Mathieu Lopin, vendredi 28\u00a0ao\u00fbt. | MATHIEU LOPIN<\/p>\n<p data-ofstats-scroll=\"read_depth_100\">Si vous avez rat\u00e9 le ph\u00e9nom\u00e8ne vendredi matin, il faudra attendre le 12\u00a0janvier 2028 pour la prochaine \u00e9clipse lunaire visible depuis l\u2019Hexagone.<\/p>\n","protected":false},"excerpt":{"rendered":"Un peu plus de deux semaines apr\u00e8s le magnifique spectacle c\u00e9leste du 12\u00a0ao\u00fbt et l\u2019\u00e9clipse solaire partielle, le&hellip;\n","protected":false},"author":2,"featured_media":283384,"comment_status":"","ping_status":"","sticky":false,"template":"","format":"standard","meta":{"footnotes":"","_share_on_mastodon":"0"},"categories":[7],"tags":[1301,6028,2714,5168,36030,16949,2716,3814,34594,57224,4959,16529,61,57,59,58,23,60,62],"class_list":["post-283383","post","type-post","status-publish","format-standard","has-post-thumbnail","category-sciences-et-technologies","tag-astronomie","tag-brest","tag-carhaix-plouguer","tag-concarneau","tag-crozon","tag-douarnenez","tag-finistere","tag-morlaix","tag-plougasnou","tag-plougastel-daoulas","tag-quimper","tag-quimperle","tag-science","tag-science-and-technology","tag-sciences","tag-sciences-et-technologies","tag-suisse","tag-technologies","tag-technology"],"share_on_mastodon":{"url":"https:\/\/pubeurope.com\/@ch_fr\/117185556425991291","error":""},"_links":{"self":[{"href":"https:\/\/www.europesays.com\/ch-fr\/wp-json\/wp\/v2\/posts\/283383","targetHints":{"allow":["GET"]}}],"collection":[{"href":"https:\/\/www.europesays.com\/ch-fr\/wp-json\/wp\/v2\/posts"}],"about":[{"href":"https:\/\/www.europesays.com\/ch-fr\/wp-json\/wp\/v2\/types\/post"}],"author":[{"embeddable":true,"href":"https:\/\/www.europesays.com\/ch-fr\/wp-json\/wp\/v2\/users\/2"}],"replies":[{"embeddable":true,"href":"https:\/\/www.europesays.com\/ch-fr\/wp-json\/wp\/v2\/comments?post=283383"}],"version-history":[{"count":0,"href":"https:\/\/www.europesays.com\/ch-fr\/wp-json\/wp\/v2\/posts\/283383\/revisions"}],"wp:featuredmedia":[{"embeddable":true,"href":"https:\/\/www.europesays.com\/ch-fr\/wp-json\/wp\/v2\/media\/283384"}],"wp:attachment":[{"href":"https:\/\/www.europesays.com\/ch-fr\/wp-json\/wp\/v2\/media?parent=283383"}],"wp:term":[{"taxonomy":"category","embeddable":true,"href":"https:\/\/www.europesays.com\/ch-fr\/wp-json\/wp\/v2\/categories?post=283383"},{"taxonomy":"post_tag","embeddable":true,"href":"https:\/\/www.europesays.com\/ch-fr\/wp-json\/wp\/v2\/tags?post=283383"}],"curies":[{"name":"wp","href":"https:\/\/api.w.org\/{rel}","templated":true}]}}