{"id":283537,"date":"2026-08-30T19:58:11","date_gmt":"2026-08-30T19:58:11","guid":{"rendered":"https:\/\/www.europesays.com\/ch-fr\/283537\/"},"modified":"2026-08-30T19:58:11","modified_gmt":"2026-08-30T19:58:11","slug":"mathias-baitan-directeur-de-linstitut-superieur-de-formation-bancaire-genevois-lia-aura-un-impact-sur-les-taches-pas-sur-les-metiers","status":"publish","type":"post","link":"https:\/\/www.europesays.com\/ch-fr\/283537\/","title":{"rendered":"Mathias Baitan, directeur de l\u2019Institut sup\u00e9rieur de formation bancaire genevois: \u00abL\u2019IA aura un impact sur les t\u00e2ches, pas sur les m\u00e9tiers\u00bb"},"content":{"rendered":"<p>    R\u00e9sum\u00e9 en 20 secondes<\/p>\n<p>        En savoir plus sur ce type de contenu<\/p>\n<p>Ce r\u00e9sum\u00e9 peut avoir \u00e9t\u00e9 \u00e9crit avec l&rsquo;assistance d\u2019une IA g\u00e9n\u00e9rative. <a href=\"https:\/\/www.letemps.ch\/cyber\/l-usage-de-l-ia-generative-par-les-journalistes-du-temps\" rel=\"nofollow noopener\" target=\"_blank\">En savoir plus<\/a><\/p>\n<p class=\"article__abstract-call-to-action\" data-ariato=\"TrackableElement\" data-trackable-element-type=\"article_abstract_cta\" data-trackable-element-location=\"article_header\" data-trackable-element-id=\"541113\">\n        <a data-event=\"click-&gt;clicked\" href=\"https:\/\/www.letemps.ch\/abonnements\" rel=\"nofollow noopener\" target=\"_blank\">Abonnez-vous<\/a> pour acc\u00e9der au r\u00e9sum\u00e9 en 20 secondes.\n      <\/p>\n<p>Le banquier ou la banqui\u00e8re de demain devront-ils \u00eatre aussi des sp\u00e9cialistes de l\u2019intelligence artificielle (IA)? La mont\u00e9e en puissance de la technologie fait craindre \u00e0 certains un remplacement des humains pas l\u2019IA, ou la disparition des emplois de d\u00e9but de carri\u00e8re. Pour Mathias Baitan, qui dirige l\u2019Institut sup\u00e9rieur de formation bancaire (ISFB) \u00e0 Gen\u00e8ve, ce sont surtout les t\u00e2ches, plus que les m\u00e9tiers, qui sont appel\u00e9s \u00e0 \u00e9voluer. Et les m\u00e9tiers \u00e0 qualification interm\u00e9diaire seront les plus touch\u00e9s par la recomposition du march\u00e9 du travail d\u00e9j\u00e0 en cours.<\/p>\n<p>Le Temps: Quel sera selon vous l\u2019impact de l\u2019IA sur l\u2019emploi bancaire \u00e0 Gen\u00e8ve?<\/p>\n","protected":false},"excerpt":{"rendered":"R\u00e9sum\u00e9 en 20 secondes En savoir plus sur ce type de contenu Ce r\u00e9sum\u00e9 peut avoir \u00e9t\u00e9 \u00e9crit&hellip;\n","protected":false},"author":2,"featured_media":283538,"comment_status":"","ping_status":"","sticky":false,"template":"","format":"standard","meta":{"footnotes":"","_share_on_mastodon":"0"},"categories":[6],"tags":[1148,45,44,43,967,669,174,23],"class_list":["post-283537","post","type-post","status-publish","format-standard","has-post-thumbnail","category-economie","tag-banques","tag-business","tag-economie","tag-economy","tag-finance","tag-formation","tag-premium","tag-suisse"],"share_on_mastodon":{"url":"https:\/\/pubeurope.com\/@ch_fr\/117186232482617891","error":""},"_links":{"self":[{"href":"https:\/\/www.europesays.com\/ch-fr\/wp-json\/wp\/v2\/posts\/283537","targetHints":{"allow":["GET"]}}],"collection":[{"href":"https:\/\/www.europesays.com\/ch-fr\/wp-json\/wp\/v2\/posts"}],"about":[{"href":"https:\/\/www.europesays.com\/ch-fr\/wp-json\/wp\/v2\/types\/post"}],"author":[{"embeddable":true,"href":"https:\/\/www.europesays.com\/ch-fr\/wp-json\/wp\/v2\/users\/2"}],"replies":[{"embeddable":true,"href":"https:\/\/www.europesays.com\/ch-fr\/wp-json\/wp\/v2\/comments?post=283537"}],"version-history":[{"count":0,"href":"https:\/\/www.europesays.com\/ch-fr\/wp-json\/wp\/v2\/posts\/283537\/revisions"}],"wp:featuredmedia":[{"embeddable":true,"href":"https:\/\/www.europesays.com\/ch-fr\/wp-json\/wp\/v2\/media\/283538"}],"wp:attachment":[{"href":"https:\/\/www.europesays.com\/ch-fr\/wp-json\/wp\/v2\/media?parent=283537"}],"wp:term":[{"taxonomy":"category","embeddable":true,"href":"https:\/\/www.europesays.com\/ch-fr\/wp-json\/wp\/v2\/categories?post=283537"},{"taxonomy":"post_tag","embeddable":true,"href":"https:\/\/www.europesays.com\/ch-fr\/wp-json\/wp\/v2\/tags?post=283537"}],"curies":[{"name":"wp","href":"https:\/\/api.w.org\/{rel}","templated":true}]}}