{"id":283631,"date":"2026-08-30T22:05:08","date_gmt":"2026-08-30T22:05:08","guid":{"rendered":"https:\/\/www.europesays.com\/ch-fr\/283631\/"},"modified":"2026-08-30T22:05:08","modified_gmt":"2026-08-30T22:05:08","slug":"au-menuhin-festival-de-gstaad-mahler-entre-ombres-et-clartes","status":"publish","type":"post","link":"https:\/\/www.europesays.com\/ch-fr\/283631\/","title":{"rendered":"Au Menuhin Festival de Gstaad, Mahler entre ombres et clart\u00e9s"},"content":{"rendered":"<p>Vendredi soir, le ciel de Gstaad avait la couleur d\u2019un po\u00e8me de Rainer Maria Rilke. \u00abL\u2019\u00e9t\u00e9 fut si grand\u00bb qu\u2019aux abords de la tente du Menuhin Festival, dans ce cr\u00e9puscule suspendu lav\u00e9 par une pluie pareille \u00e0 la solitude, la nature offrait un \u00e9crin presque proph\u00e9tique au programme de la soir\u00e9e d\u00e9di\u00e9 aux vertiges mahl\u00e9riens: La Cinqui\u00e8me Symphonie, les\u00a0R\u00fcckert-Lieder et trois lieder d\u2019Alma Mahler.<\/p>\n<p>\u00abLa tradition, c\u2019est la transmission du feu, pas l\u2019adoration des cendres.\u00bb Par cette formule, Gustav Mahler (1860-1911) r\u00e9sumait lui-m\u00eame l\u2019ambition d\u2019une vie, et l\u2019ampleur de la rupture qu\u2019il a impos\u00e9e \u00e0 son art. Subvertir la forme sonate, l\u2019\u00e9tirer pour faire de la symphonie un monde aux architectures complexes, habit\u00e9 par la r\u00e9miniscence des danses folkloriques, des m\u00e9lodies de tavernes et des marches fun\u00e8bres.<\/p>\n","protected":false},"excerpt":{"rendered":"Vendredi soir, le ciel de Gstaad avait la couleur d\u2019un po\u00e8me de Rainer Maria Rilke. \u00abL\u2019\u00e9t\u00e9 fut si&hellip;\n","protected":false},"author":2,"featured_media":283632,"comment_status":"","ping_status":"","sticky":false,"template":"","format":"standard","meta":{"footnotes":"","_share_on_mastodon":"0"},"categories":[10],"tags":[113,112,35915,654,174,23],"class_list":["post-283631","post","type-post","status-publish","format-standard","has-post-thumbnail","category-divertissement","tag-divertissement","tag-entertainment","tag-gstaad-menuhin-festival","tag-musiques","tag-premium","tag-suisse"],"share_on_mastodon":{"url":"https:\/\/pubeurope.com\/@ch_fr\/117186732273953376","error":""},"_links":{"self":[{"href":"https:\/\/www.europesays.com\/ch-fr\/wp-json\/wp\/v2\/posts\/283631","targetHints":{"allow":["GET"]}}],"collection":[{"href":"https:\/\/www.europesays.com\/ch-fr\/wp-json\/wp\/v2\/posts"}],"about":[{"href":"https:\/\/www.europesays.com\/ch-fr\/wp-json\/wp\/v2\/types\/post"}],"author":[{"embeddable":true,"href":"https:\/\/www.europesays.com\/ch-fr\/wp-json\/wp\/v2\/users\/2"}],"replies":[{"embeddable":true,"href":"https:\/\/www.europesays.com\/ch-fr\/wp-json\/wp\/v2\/comments?post=283631"}],"version-history":[{"count":0,"href":"https:\/\/www.europesays.com\/ch-fr\/wp-json\/wp\/v2\/posts\/283631\/revisions"}],"wp:featuredmedia":[{"embeddable":true,"href":"https:\/\/www.europesays.com\/ch-fr\/wp-json\/wp\/v2\/media\/283632"}],"wp:attachment":[{"href":"https:\/\/www.europesays.com\/ch-fr\/wp-json\/wp\/v2\/media?parent=283631"}],"wp:term":[{"taxonomy":"category","embeddable":true,"href":"https:\/\/www.europesays.com\/ch-fr\/wp-json\/wp\/v2\/categories?post=283631"},{"taxonomy":"post_tag","embeddable":true,"href":"https:\/\/www.europesays.com\/ch-fr\/wp-json\/wp\/v2\/tags?post=283631"}],"curies":[{"name":"wp","href":"https:\/\/api.w.org\/{rel}","templated":true}]}}