{"id":283645,"date":"2026-08-30T22:23:14","date_gmt":"2026-08-30T22:23:14","guid":{"rendered":"https:\/\/www.europesays.com\/ch-fr\/283645\/"},"modified":"2026-08-30T22:23:14","modified_gmt":"2026-08-30T22:23:14","slug":"florence-henri-figure-du-nouveau-regard-au-centre-paul-klee-3","status":"publish","type":"post","link":"https:\/\/www.europesays.com\/ch-fr\/283645\/","title":{"rendered":"Florence Henri, figure du \u00ab Nouveau Regard \u00bb au Centre Paul-Klee"},"content":{"rendered":"<p class=\"wysiwyg-h2\">C&rsquo;est au Bauhaus de Dessau que Florence Henri a d\u00e9couvert la photographie. L&rsquo;artiste, qui y a \u00e9galement rencontr\u00e9 Paul Klee, est aujourd&rsquo;hui au centre d&rsquo;une exposition au Centre Paul-Klee \u00e0 Berne, la premi\u00e8re r\u00e9trospective qui lui est consacr\u00e9e depuis plus de 40 ans.<\/p>\n<p>En 1927, Florence Henri (1893-1982), une artiste suisse, d&rsquo;origine franco-allemande, arrive au Bauhaus comme auditrice. Elle suit les cours de Paul Klee, L\u00e1szl\u00f3 Moholy-Nagy, Josef Albers et Wassily Kandinsky. Mais elle n&rsquo;est pas une d\u00e9butante: elle s&rsquo;est d\u00e9j\u00e0 fait un nom comme peintre \u00e0 Paris, Munich, Rome et en Espagne. Elle est aussi connue comme pianiste \u00e0 Paris et Londres.<\/p>\n<p>Au regard de ce parcours, elle semble avoir \u00e9t\u00e9 moins attir\u00e9e par les enseignements du Bauhaus que par son atmosph\u00e8re artistique. &lsquo;On peut supposer qu&rsquo;elle s&rsquo;int\u00e9ressait moins aux contenus p\u00e9dagogiques concrets qu&rsquo;\u00e0 l&rsquo;atmosph\u00e8re artistiquement stimulante du Bauhaus&rsquo;, \u00e9crit le Centre Paul-Klee.<\/p>\n<p>C&rsquo;est notamment la conception du &lsquo;Nouveau Regard&rsquo; d\u00e9fendue par L\u00e1szl\u00f3 Moholy-Nagy, ainsi que ses \u00e9changes avec la photographe Lucia Moholy, qui vont nourrir son int\u00e9r\u00eat pour la photographie.<\/p>\n<p>Ce courant, apparu dans les premi\u00e8res d\u00e9cennies du XXe si\u00e8cle, cherche \u00e0 rompre avec une photographie con\u00e7ue comme simple reproduction du r\u00e9el. Structures g\u00e9om\u00e9triques, lignes diagonales, perspectives extr\u00eames, jeux de contrastes: les photographes du &lsquo;Nouveau Regard&rsquo; transforment des sujets familiers en images nouvelles et cherchent \u00e0 faire de la photographie un art \u00e0 part enti\u00e8re.<\/p>\n<p>Jeux de miroirs<\/p>\n<p>Florence Henri va devenir l&rsquo;une des repr\u00e9sentantes majeures de ce nouveau courant en photographie. Ses images sont des compositions minutieuses, jouant avec la lumi\u00e8re et l&rsquo;ombre, le net et le flou, mais aussi avec des angles de vue inhabituels.<\/p>\n<p>Son autoportrait de 1928 en offre une parfaite illustration. Assise \u00e0 une table, l&rsquo;artiste n&rsquo;appara\u00eet pas directement: elle se r\u00e9v\u00e8le dans le reflet d&rsquo;un miroir pos\u00e9 devant elle. Deux boules argent\u00e9es, elles aussi d\u00e9doubl\u00e9es par le miroir, reposent sur le bord de la table. Les lignes des planches de bois traversent l&rsquo;image en diagonale et conduisent le regard jusqu&rsquo;au reflet de Florence Henri.<\/p>\n<p>Cette recherche formelle a contribu\u00e9 \u00e0 faire sa renomm\u00e9e et \u00e0 l&rsquo;imposer comme une figure du &lsquo;Nouveau Regard&rsquo;.<\/p>\n<p>Le Centre Paul-Klee pr\u00e9sente 80 de ses oeuvres, principalement des photographies, mais aussi des peintures, des dessins et des collages. L&rsquo;exposition &lsquo;Fokus. Florence Henri (1893-1982)&rsquo; est \u00e0 voir d\u00e8s ce week-end jusqu&rsquo;au 10 janvier 2027.<\/p>\n<p> \/ATS<\/p>\n","protected":false},"excerpt":{"rendered":"C&rsquo;est au Bauhaus de Dessau que Florence Henri a d\u00e9couvert la photographie. L&rsquo;artiste, qui y a \u00e9galement rencontr\u00e9&hellip;\n","protected":false},"author":2,"featured_media":283646,"comment_status":"","ping_status":"","sticky":false,"template":"","format":"standard","meta":{"footnotes":"","_share_on_mastodon":"0"},"categories":[10],"tags":[121,124,128,119,113,112,122,123,118,136,132,131,133,130,135,120,126,117,125,114,115,116,23,129,127,134],"class_list":["post-283645","post","type-post","status-publish","format-standard","has-post-thumbnail","category-divertissement","tag-ajoie","tag-animation","tag-bienne","tag-delemont","tag-divertissement","tag-entertainment","tag-franches-montagnes","tag-frequence","tag-jura","tag-jura-bernois","tag-la-chaux-de-fonds","tag-moutier","tag-neuchatel","tag-neuveville","tag-payerne","tag-porrentruy","tag-publicite","tag-radio","tag-redaction","tag-rfj","tag-rjb","tag-rtn","tag-suisse","tag-tavannes","tag-vallon-de-st-imier","tag-yverdon"],"share_on_mastodon":{"url":"https:\/\/pubeurope.com\/@ch_fr\/117186802668915836","error":""},"_links":{"self":[{"href":"https:\/\/www.europesays.com\/ch-fr\/wp-json\/wp\/v2\/posts\/283645","targetHints":{"allow":["GET"]}}],"collection":[{"href":"https:\/\/www.europesays.com\/ch-fr\/wp-json\/wp\/v2\/posts"}],"about":[{"href":"https:\/\/www.europesays.com\/ch-fr\/wp-json\/wp\/v2\/types\/post"}],"author":[{"embeddable":true,"href":"https:\/\/www.europesays.com\/ch-fr\/wp-json\/wp\/v2\/users\/2"}],"replies":[{"embeddable":true,"href":"https:\/\/www.europesays.com\/ch-fr\/wp-json\/wp\/v2\/comments?post=283645"}],"version-history":[{"count":0,"href":"https:\/\/www.europesays.com\/ch-fr\/wp-json\/wp\/v2\/posts\/283645\/revisions"}],"wp:featuredmedia":[{"embeddable":true,"href":"https:\/\/www.europesays.com\/ch-fr\/wp-json\/wp\/v2\/media\/283646"}],"wp:attachment":[{"href":"https:\/\/www.europesays.com\/ch-fr\/wp-json\/wp\/v2\/media?parent=283645"}],"wp:term":[{"taxonomy":"category","embeddable":true,"href":"https:\/\/www.europesays.com\/ch-fr\/wp-json\/wp\/v2\/categories?post=283645"},{"taxonomy":"post_tag","embeddable":true,"href":"https:\/\/www.europesays.com\/ch-fr\/wp-json\/wp\/v2\/tags?post=283645"}],"curies":[{"name":"wp","href":"https:\/\/api.w.org\/{rel}","templated":true}]}}