{"id":283647,"date":"2026-08-30T22:25:08","date_gmt":"2026-08-30T22:25:08","guid":{"rendered":"https:\/\/www.europesays.com\/ch-fr\/283647\/"},"modified":"2026-08-30T22:25:08","modified_gmt":"2026-08-30T22:25:08","slug":"werro-renonce-au-meeting-de-bellinzone","status":"publish","type":"post","link":"https:\/\/www.europesays.com\/ch-fr\/283647\/","title":{"rendered":"Werro renonce au meeting de Bellinzone"},"content":{"rendered":"<p class=\"wysiwyg-h2\">Audrey Werro ne disputera finalement pas le meeting GalAthletics de Bellinzone dimanche. La championne d&rsquo;Europe du 800 m a besoin d&rsquo;une pause, a-t-elle expliqu\u00e9.<\/p>\n<p>&lsquo;Lors de mes courses, je me donne toujours \u00e0 fond et \u00e0 100 %. Aujourd&rsquo;hui, j&rsquo;ai besoin de temps pour r\u00e9cup\u00e9rer et pr\u00e9server ma sant\u00e9 mentale et physique&rsquo;, explique la Fribourgeoise, cit\u00e9e dans un communiqu\u00e9 diffus\u00e9 sur le compte Instagram du meeting tessinois. Les organisateurs disent \u00e9videmment regretter cette d\u00e9cision.<\/p>\n<p>Mais la d\u00e9cision d&rsquo;Audrey Werro n&rsquo;a rien d&rsquo;\u00e9tonnant. Sacr\u00e9e championne d&rsquo;Europe \u00e0 Birmingham le 15 ao\u00fbt, elle a encha\u00een\u00e9 avec des victoires \u00e0 Lausanne le vendredi 21 puis \u00e0 Zurich ce jeudi, am\u00e9liorant son record de Suisse lors du Weltklasse (1&rsquo;53\u00a0\u00bb70). Elle doit encore s&rsquo;aligner lors de la finale de la Ligue de diamant le samedi 5 septembre \u00e0 Bruxelles, avant de disputer l&rsquo;Ultimate Championship les 11 et 12 septembre \u00e0 Budapest-<\/p>\n<p> \/ATS<\/p>\n","protected":false},"excerpt":{"rendered":"Audrey Werro ne disputera finalement pas le meeting GalAthletics de Bellinzone dimanche. La championne d&rsquo;Europe du 800 m&hellip;\n","protected":false},"author":2,"featured_media":283648,"comment_status":"","ping_status":"","sticky":false,"template":"","format":"standard","meta":{"footnotes":"","_share_on_mastodon":"0"},"categories":[8],"tags":[121,124,128,119,122,123,118,136,132,131,133,130,135,120,126,117,125,114,115,116,75,23,129,127,134],"class_list":["post-283647","post","type-post","status-publish","format-standard","has-post-thumbnail","category-sports","tag-ajoie","tag-animation","tag-bienne","tag-delemont","tag-franches-montagnes","tag-frequence","tag-jura","tag-jura-bernois","tag-la-chaux-de-fonds","tag-moutier","tag-neuchatel","tag-neuveville","tag-payerne","tag-porrentruy","tag-publicite","tag-radio","tag-redaction","tag-rfj","tag-rjb","tag-rtn","tag-sports","tag-suisse","tag-tavannes","tag-vallon-de-st-imier","tag-yverdon"],"share_on_mastodon":{"url":"https:\/\/pubeurope.com\/@ch_fr\/117186810896107303","error":""},"_links":{"self":[{"href":"https:\/\/www.europesays.com\/ch-fr\/wp-json\/wp\/v2\/posts\/283647","targetHints":{"allow":["GET"]}}],"collection":[{"href":"https:\/\/www.europesays.com\/ch-fr\/wp-json\/wp\/v2\/posts"}],"about":[{"href":"https:\/\/www.europesays.com\/ch-fr\/wp-json\/wp\/v2\/types\/post"}],"author":[{"embeddable":true,"href":"https:\/\/www.europesays.com\/ch-fr\/wp-json\/wp\/v2\/users\/2"}],"replies":[{"embeddable":true,"href":"https:\/\/www.europesays.com\/ch-fr\/wp-json\/wp\/v2\/comments?post=283647"}],"version-history":[{"count":0,"href":"https:\/\/www.europesays.com\/ch-fr\/wp-json\/wp\/v2\/posts\/283647\/revisions"}],"wp:featuredmedia":[{"embeddable":true,"href":"https:\/\/www.europesays.com\/ch-fr\/wp-json\/wp\/v2\/media\/283648"}],"wp:attachment":[{"href":"https:\/\/www.europesays.com\/ch-fr\/wp-json\/wp\/v2\/media?parent=283647"}],"wp:term":[{"taxonomy":"category","embeddable":true,"href":"https:\/\/www.europesays.com\/ch-fr\/wp-json\/wp\/v2\/categories?post=283647"},{"taxonomy":"post_tag","embeddable":true,"href":"https:\/\/www.europesays.com\/ch-fr\/wp-json\/wp\/v2\/tags?post=283647"}],"curies":[{"name":"wp","href":"https:\/\/api.w.org\/{rel}","templated":true}]}}