{"id":283651,"date":"2026-08-30T22:30:12","date_gmt":"2026-08-30T22:30:12","guid":{"rendered":"https:\/\/www.europesays.com\/ch-fr\/283651\/"},"modified":"2026-08-30T22:30:12","modified_gmt":"2026-08-30T22:30:12","slug":"linter-milan-prend-les-commandes","status":"publish","type":"post","link":"https:\/\/www.europesays.com\/ch-fr\/283651\/","title":{"rendered":"L&rsquo;Inter Milan prend les commandes"},"content":{"rendered":"<p class=\"wysiwyg-h2\">L&rsquo;Inter Milan est pass\u00e9 en t\u00eate du Championnat d&rsquo;Italie apr\u00e8s son laborieux succ\u00e8s \u00e0 Cagliari (1-0) dimanche pour le compte de la 2e journ\u00e9e de Serie A.<\/p>\n<p>L&rsquo;Inter a fait le minimum, mais a assur\u00e9 l&rsquo;essentiel. Les champions en titre et grands favoris \u00e0 leur propre succession ont encha\u00een\u00e9 une deuxi\u00e8me victoire gr\u00e2ce \u00e0 Hakan Calhanoglu (9e), d\u00e9j\u00e0 buteur le week-end dernier.<\/p>\n<p>Les joueurs de Cristian Chivu ont domin\u00e9 jusqu&rsquo;\u00e0 l&rsquo;heure de jeu, mais ne sont pas parvenus \u00e0 se mettre \u00e0 l&rsquo;abri. Ils ont trembl\u00e9 dans le final face aux opini\u00e2tres attaquants sardes. Mais la d\u00e9fense de l&rsquo;Inter, avec Manuel Akanji align\u00e9 jusqu&rsquo;\u00e0 la 68e, a tenu bon.<\/p>\n<p>Dans l&rsquo;affiche de cette 2e journ\u00e9e, C\u00f4me a battu Naples au stade Diego-Armando-Maradona (2-1). L&rsquo;\u00e9quipe de Cesc Fabregas, dans une chaleur accablante, a pris l&rsquo;avantage \u00e0 la 17e minute par Martin Baturina. Rasmus Hojlund a \u00e9galis\u00e9 au terme d&rsquo;un exploit individuel (30e), mais il n&rsquo;a fallu que quatre minutes \u00e0 C\u00f4me pour reprendre l&rsquo;avantage gr\u00e2ce \u00e0 Anastasios Douvikas (34e).<\/p>\n<p> \/ATS<\/p>\n","protected":false},"excerpt":{"rendered":"L&rsquo;Inter Milan est pass\u00e9 en t\u00eate du Championnat d&rsquo;Italie apr\u00e8s son laborieux succ\u00e8s \u00e0 Cagliari (1-0) dimanche pour&hellip;\n","protected":false},"author":2,"featured_media":283652,"comment_status":"","ping_status":"","sticky":false,"template":"","format":"standard","meta":{"footnotes":"","_share_on_mastodon":"0"},"categories":[4],"tags":[22,121,124,128,119,122,123,118,136,132,131,133,130,21,135,120,126,117,125,114,115,116,23,129,127,134],"class_list":["post-283651","post","type-post","status-publish","format-standard","has-post-thumbnail","category-actualites","tag-actualites","tag-ajoie","tag-animation","tag-bienne","tag-delemont","tag-franches-montagnes","tag-frequence","tag-jura","tag-jura-bernois","tag-la-chaux-de-fonds","tag-moutier","tag-neuchatel","tag-neuveville","tag-news","tag-payerne","tag-porrentruy","tag-publicite","tag-radio","tag-redaction","tag-rfj","tag-rjb","tag-rtn","tag-suisse","tag-tavannes","tag-vallon-de-st-imier","tag-yverdon"],"share_on_mastodon":{"url":"https:\/\/pubeurope.com\/@ch_fr\/117186830131524059","error":""},"_links":{"self":[{"href":"https:\/\/www.europesays.com\/ch-fr\/wp-json\/wp\/v2\/posts\/283651","targetHints":{"allow":["GET"]}}],"collection":[{"href":"https:\/\/www.europesays.com\/ch-fr\/wp-json\/wp\/v2\/posts"}],"about":[{"href":"https:\/\/www.europesays.com\/ch-fr\/wp-json\/wp\/v2\/types\/post"}],"author":[{"embeddable":true,"href":"https:\/\/www.europesays.com\/ch-fr\/wp-json\/wp\/v2\/users\/2"}],"replies":[{"embeddable":true,"href":"https:\/\/www.europesays.com\/ch-fr\/wp-json\/wp\/v2\/comments?post=283651"}],"version-history":[{"count":0,"href":"https:\/\/www.europesays.com\/ch-fr\/wp-json\/wp\/v2\/posts\/283651\/revisions"}],"wp:featuredmedia":[{"embeddable":true,"href":"https:\/\/www.europesays.com\/ch-fr\/wp-json\/wp\/v2\/media\/283652"}],"wp:attachment":[{"href":"https:\/\/www.europesays.com\/ch-fr\/wp-json\/wp\/v2\/media?parent=283651"}],"wp:term":[{"taxonomy":"category","embeddable":true,"href":"https:\/\/www.europesays.com\/ch-fr\/wp-json\/wp\/v2\/categories?post=283651"},{"taxonomy":"post_tag","embeddable":true,"href":"https:\/\/www.europesays.com\/ch-fr\/wp-json\/wp\/v2\/tags?post=283651"}],"curies":[{"name":"wp","href":"https:\/\/api.w.org\/{rel}","templated":true}]}}