{"id":283657,"date":"2026-08-30T22:43:14","date_gmt":"2026-08-30T22:43:14","guid":{"rendered":"https:\/\/www.europesays.com\/ch-fr\/283657\/"},"modified":"2026-08-30T22:43:14","modified_gmt":"2026-08-30T22:43:14","slug":"motogp-marc-marquez-reste-le-roi-en-aragon-2","status":"publish","type":"post","link":"https:\/\/www.europesays.com\/ch-fr\/283657\/","title":{"rendered":"MotoGP: Marc Marquez reste le roi en Aragon"},"content":{"rendered":"<p class=\"wysiwyg-h2\">Le champion du monde de MotoGP Marc Marquez (Ducati) a remport\u00e9 pour la 8e fois le GP d&rsquo;Aragon dans la cat\u00e9gorie-reine sur le circuit de Motorland. Il se relance ainsi dans la course au titre.<\/p>\n<p>L&rsquo;Espagnol, qui pour une fois a manqu\u00e9 son d\u00e9part, s&rsquo;est rapidement repris et a ensuite survol\u00e9 la course pour s&rsquo;imposer devant son compatriote Pedro Acosta (KTM\/2e \u00e0 1\u00a0\u00bb754) et l&rsquo;Italien Marco Bezzecchi (Aprilia\/3e \u00e0 3\u00a0\u00bb629), qui s&rsquo;\u00e9tait \u00e9lanc\u00e9 en pole position.<\/p>\n<p>D\u00e9j\u00e0 vainqueur du sprint samedi, Marc Marquez a encore repris 14 points au leader du championnat du monde, Jorge Martin (Aprilia), 5e des deux courses du week-end. Il grimpe au 2e rang du classement g\u00e9n\u00e9ral et n&rsquo;accuse plus que 19 longueurs de retard sur son compatriote.<\/p>\n<p>Comme lors de la course sprint samedi, le Fran\u00e7ais Johann Zarco (Honda-LCR) arrach\u00e9 un point pour son premier Grand Prix apr\u00e8s plus de trois mois d&rsquo;absence en raison de s\u00e9rieuses blessures aux ligaments du genou gauche cons\u00e9cutives \u00e0 une chute spectaculaire \u00e0 Barcelone mi-mai.<\/p>\n<p> \/ATS<\/p>\n","protected":false},"excerpt":{"rendered":"Le champion du monde de MotoGP Marc Marquez (Ducati) a remport\u00e9 pour la 8e fois le GP d&rsquo;Aragon&hellip;\n","protected":false},"author":2,"featured_media":283658,"comment_status":"","ping_status":"","sticky":false,"template":"","format":"standard","meta":{"footnotes":"","_share_on_mastodon":"0"},"categories":[8],"tags":[121,124,128,119,122,123,118,136,132,131,133,130,135,120,126,117,125,114,115,116,75,23,129,127,134],"class_list":["post-283657","post","type-post","status-publish","format-standard","has-post-thumbnail","category-sports","tag-ajoie","tag-animation","tag-bienne","tag-delemont","tag-franches-montagnes","tag-frequence","tag-jura","tag-jura-bernois","tag-la-chaux-de-fonds","tag-moutier","tag-neuchatel","tag-neuveville","tag-payerne","tag-porrentruy","tag-publicite","tag-radio","tag-redaction","tag-rfj","tag-rjb","tag-rtn","tag-sports","tag-suisse","tag-tavannes","tag-vallon-de-st-imier","tag-yverdon"],"share_on_mastodon":{"url":"https:\/\/pubeurope.com\/@ch_fr\/117186881507815537","error":""},"_links":{"self":[{"href":"https:\/\/www.europesays.com\/ch-fr\/wp-json\/wp\/v2\/posts\/283657","targetHints":{"allow":["GET"]}}],"collection":[{"href":"https:\/\/www.europesays.com\/ch-fr\/wp-json\/wp\/v2\/posts"}],"about":[{"href":"https:\/\/www.europesays.com\/ch-fr\/wp-json\/wp\/v2\/types\/post"}],"author":[{"embeddable":true,"href":"https:\/\/www.europesays.com\/ch-fr\/wp-json\/wp\/v2\/users\/2"}],"replies":[{"embeddable":true,"href":"https:\/\/www.europesays.com\/ch-fr\/wp-json\/wp\/v2\/comments?post=283657"}],"version-history":[{"count":0,"href":"https:\/\/www.europesays.com\/ch-fr\/wp-json\/wp\/v2\/posts\/283657\/revisions"}],"wp:featuredmedia":[{"embeddable":true,"href":"https:\/\/www.europesays.com\/ch-fr\/wp-json\/wp\/v2\/media\/283658"}],"wp:attachment":[{"href":"https:\/\/www.europesays.com\/ch-fr\/wp-json\/wp\/v2\/media?parent=283657"}],"wp:term":[{"taxonomy":"category","embeddable":true,"href":"https:\/\/www.europesays.com\/ch-fr\/wp-json\/wp\/v2\/categories?post=283657"},{"taxonomy":"post_tag","embeddable":true,"href":"https:\/\/www.europesays.com\/ch-fr\/wp-json\/wp\/v2\/tags?post=283657"}],"curies":[{"name":"wp","href":"https:\/\/api.w.org\/{rel}","templated":true}]}}