{"id":283659,"date":"2026-08-30T22:48:12","date_gmt":"2026-08-30T22:48:12","guid":{"rendered":"https:\/\/www.europesays.com\/ch-fr\/283659\/"},"modified":"2026-08-30T22:48:12","modified_gmt":"2026-08-30T22:48:12","slug":"pas-de-camp-au-chili-pour-marco-odermatt-2","status":"publish","type":"post","link":"https:\/\/www.europesays.com\/ch-fr\/283659\/","title":{"rendered":"Pas de camp au Chili pour Marco Odermatt"},"content":{"rendered":"<p class=\"wysiwyg-h2\">Marco Odermatt accuse un coup d\u2019arr\u00eat dans sa pr\u00e9paration pour la prochaine saison. Swiss-Ski r\u00e9v\u00e8le en effet que son leader souffre d\u2019une &lsquo;petite blessure&rsquo;.<\/p>\n<p>Des examens subis \u00e0 Zurich ont r\u00e9v\u00e9l\u00e9 cette blessure. Ces derniers jours, Marco Odermatt s\u2019\u00e9tait plaint de douleurs lors de son entra\u00eenement physique. Swiss-Ski ne pr\u00e9cise pas si sa pr\u00e9sence lors de l\u2019ouverture de la saison le 25 octobre \u00e0 S\u00f6lden sera remise en question. Mais Marco Odermatt ne participera toutefois pas au prochain camp d\u2019entra\u00eenement au Chili. Son d\u00e9part pour les Andes \u00e9tait programm\u00e9 pour ce lundi.<\/p>\n<p>Marco Odermatt attendra de reprendre l\u2019entra\u00eenement sur la neige pour arr\u00eater son nouveau programme de pr\u00e9paration, conclut Swiss-Ski.<\/p>\n<p> \/ATS<\/p>\n","protected":false},"excerpt":{"rendered":"Marco Odermatt accuse un coup d\u2019arr\u00eat dans sa pr\u00e9paration pour la prochaine saison. Swiss-Ski r\u00e9v\u00e8le en effet que&hellip;\n","protected":false},"author":2,"featured_media":283660,"comment_status":"","ping_status":"","sticky":false,"template":"","format":"standard","meta":{"footnotes":"","_share_on_mastodon":"0"},"categories":[4],"tags":[22,121,124,128,119,122,123,118,136,132,131,133,130,21,135,120,126,117,125,114,115,116,23,129,127,134],"class_list":["post-283659","post","type-post","status-publish","format-standard","has-post-thumbnail","category-actualites","tag-actualites","tag-ajoie","tag-animation","tag-bienne","tag-delemont","tag-franches-montagnes","tag-frequence","tag-jura","tag-jura-bernois","tag-la-chaux-de-fonds","tag-moutier","tag-neuchatel","tag-neuveville","tag-news","tag-payerne","tag-porrentruy","tag-publicite","tag-radio","tag-redaction","tag-rfj","tag-rjb","tag-rtn","tag-suisse","tag-tavannes","tag-vallon-de-st-imier","tag-yverdon"],"share_on_mastodon":{"url":"https:\/\/pubeurope.com\/@ch_fr\/117186901176380611","error":""},"_links":{"self":[{"href":"https:\/\/www.europesays.com\/ch-fr\/wp-json\/wp\/v2\/posts\/283659","targetHints":{"allow":["GET"]}}],"collection":[{"href":"https:\/\/www.europesays.com\/ch-fr\/wp-json\/wp\/v2\/posts"}],"about":[{"href":"https:\/\/www.europesays.com\/ch-fr\/wp-json\/wp\/v2\/types\/post"}],"author":[{"embeddable":true,"href":"https:\/\/www.europesays.com\/ch-fr\/wp-json\/wp\/v2\/users\/2"}],"replies":[{"embeddable":true,"href":"https:\/\/www.europesays.com\/ch-fr\/wp-json\/wp\/v2\/comments?post=283659"}],"version-history":[{"count":0,"href":"https:\/\/www.europesays.com\/ch-fr\/wp-json\/wp\/v2\/posts\/283659\/revisions"}],"wp:featuredmedia":[{"embeddable":true,"href":"https:\/\/www.europesays.com\/ch-fr\/wp-json\/wp\/v2\/media\/283660"}],"wp:attachment":[{"href":"https:\/\/www.europesays.com\/ch-fr\/wp-json\/wp\/v2\/media?parent=283659"}],"wp:term":[{"taxonomy":"category","embeddable":true,"href":"https:\/\/www.europesays.com\/ch-fr\/wp-json\/wp\/v2\/categories?post=283659"},{"taxonomy":"post_tag","embeddable":true,"href":"https:\/\/www.europesays.com\/ch-fr\/wp-json\/wp\/v2\/tags?post=283659"}],"curies":[{"name":"wp","href":"https:\/\/api.w.org\/{rel}","templated":true}]}}