{"id":283671,"date":"2026-08-30T23:06:12","date_gmt":"2026-08-30T23:06:12","guid":{"rendered":"https:\/\/www.europesays.com\/ch-fr\/283671\/"},"modified":"2026-08-30T23:06:12","modified_gmt":"2026-08-30T23:06:12","slug":"monthey-chablais-tient-son-nouveau-coach-2","status":"publish","type":"post","link":"https:\/\/www.europesays.com\/ch-fr\/283671\/","title":{"rendered":"Monthey-Chablais tient son nouveau coach"},"content":{"rendered":"<p class=\"wysiwyg-h2\">Monthey-Chablais a d\u00e9voil\u00e9 le nom de son nouveau coach quelques jours apr\u00e8s avoir obtenu &#8211; sous conditions &#8211; sa licence pour la saison 2026\/27 de SBL.<\/p>\n<p>Le club valaisan a annonc\u00e9 sur sa page Facebook avoir engag\u00e9 Arnaud Ricoux.<\/p>\n<p>Le technicien fran\u00e7ais, dont la dur\u00e9e du contrat n&rsquo;a pas \u00e9t\u00e9 pr\u00e9cis\u00e9e par Monthey-Chablais, n&rsquo;est pas un inconnu en Suisse. Il avait pass\u00e9 une saison \u00e0 la t\u00eate d&rsquo;Union Neuch\u00e2tel, en 2012\/13, remportant la Coupe de Suisse tout en atteignant les demi-finales des play-off.<\/p>\n<p>Apr\u00e8s avoir enregistr\u00e9 de nombreux d\u00e9parts en raison de l&rsquo;incertitude concernant son avenir sportif, le BBC Monthey-Chablais va donc de l&rsquo;avant. Le club a d&rsquo;ailleurs \u00e9galement annonc\u00e9 ce week-end l&rsquo;arriv\u00e9e d&rsquo;un espoir fran\u00e7ais, l&rsquo;ailier Khadim Kane (21 ans), ainsi que la prolongation des contrats de Thomas Fritschi, Nilan Rungasamy et Cristian Pottier.<\/p>\n<p> \/ATS<\/p>\n","protected":false},"excerpt":{"rendered":"Monthey-Chablais a d\u00e9voil\u00e9 le nom de son nouveau coach quelques jours apr\u00e8s avoir obtenu &#8211; sous conditions &#8211;&hellip;\n","protected":false},"author":2,"featured_media":283672,"comment_status":"","ping_status":"","sticky":false,"template":"","format":"standard","meta":{"footnotes":"","_share_on_mastodon":"0"},"categories":[4],"tags":[22,121,124,128,119,122,123,118,136,132,131,133,130,21,135,120,126,117,125,114,115,116,23,129,127,134],"class_list":["post-283671","post","type-post","status-publish","format-standard","has-post-thumbnail","category-actualites","tag-actualites","tag-ajoie","tag-animation","tag-bienne","tag-delemont","tag-franches-montagnes","tag-frequence","tag-jura","tag-jura-bernois","tag-la-chaux-de-fonds","tag-moutier","tag-neuchatel","tag-neuveville","tag-news","tag-payerne","tag-porrentruy","tag-publicite","tag-radio","tag-redaction","tag-rfj","tag-rjb","tag-rtn","tag-suisse","tag-tavannes","tag-vallon-de-st-imier","tag-yverdon"],"share_on_mastodon":{"url":"https:\/\/pubeurope.com\/@ch_fr\/117186971750728384","error":""},"_links":{"self":[{"href":"https:\/\/www.europesays.com\/ch-fr\/wp-json\/wp\/v2\/posts\/283671","targetHints":{"allow":["GET"]}}],"collection":[{"href":"https:\/\/www.europesays.com\/ch-fr\/wp-json\/wp\/v2\/posts"}],"about":[{"href":"https:\/\/www.europesays.com\/ch-fr\/wp-json\/wp\/v2\/types\/post"}],"author":[{"embeddable":true,"href":"https:\/\/www.europesays.com\/ch-fr\/wp-json\/wp\/v2\/users\/2"}],"replies":[{"embeddable":true,"href":"https:\/\/www.europesays.com\/ch-fr\/wp-json\/wp\/v2\/comments?post=283671"}],"version-history":[{"count":0,"href":"https:\/\/www.europesays.com\/ch-fr\/wp-json\/wp\/v2\/posts\/283671\/revisions"}],"wp:featuredmedia":[{"embeddable":true,"href":"https:\/\/www.europesays.com\/ch-fr\/wp-json\/wp\/v2\/media\/283672"}],"wp:attachment":[{"href":"https:\/\/www.europesays.com\/ch-fr\/wp-json\/wp\/v2\/media?parent=283671"}],"wp:term":[{"taxonomy":"category","embeddable":true,"href":"https:\/\/www.europesays.com\/ch-fr\/wp-json\/wp\/v2\/categories?post=283671"},{"taxonomy":"post_tag","embeddable":true,"href":"https:\/\/www.europesays.com\/ch-fr\/wp-json\/wp\/v2\/tags?post=283671"}],"curies":[{"name":"wp","href":"https:\/\/api.w.org\/{rel}","templated":true}]}}