{"id":283729,"date":"2026-08-31T00:38:12","date_gmt":"2026-08-31T00:38:12","guid":{"rendered":"https:\/\/www.europesays.com\/ch-fr\/283729\/"},"modified":"2026-08-31T00:38:12","modified_gmt":"2026-08-31T00:38:12","slug":"pogacar-reste-vivant-apres-sa-chute-sur-la-vuelta-2","status":"publish","type":"post","link":"https:\/\/www.europesays.com\/ch-fr\/283729\/","title":{"rendered":"Pogacar \u00ab reste vivant \u00bb apr\u00e8s sa chute sur la Vuelta"},"content":{"rendered":"<p class=\"wysiwyg-h2\">Tadej Pogacar a post\u00e9 dimanche sur les r\u00e9seaux sociaux une photo de lui depuis l&rsquo;h\u00f4pital, accompagn\u00e9e de la chanson du groupe Bee Gees &lsquo;Stayin&rsquo; alive&rsquo; (rester vivant).<\/p>\n<p>Le Slov\u00e8ne a abandonn\u00e9 le Tour d&rsquo;Espagne samedi apr\u00e8s une lourde chute.<\/p>\n<p>Solide leader de la Vuelta jusqu&rsquo;\u00e0 sa chute, Tadej Pogacar a salu\u00e9 ses abonn\u00e9s sur son compte Instagram avec une photo o\u00f9 on le voit sur un lit d&rsquo;h\u00f4pital, portant une minerve autour du cou. Il a \u00e9galement un pansement sur l&rsquo;arcade sourcili\u00e8re et sur une main, avec laquelle il fait son geste habituel, index et auriculaire lev\u00e9s.<\/p>\n<p>Le coureur de l&rsquo;\u00e9quipe UAE accompagne sa photo de la musique de la chanson &lsquo;Stayin&rsquo; alive&rsquo; des Bee Gees, ce qui semble montrer qu&rsquo;il garde le moral, dans l&rsquo;attente de passer au bloc pour \u00eatre op\u00e9r\u00e9 de la clavicule gauche.<\/p>\n<p>Tadej Pogacar est tomb\u00e9 samedi lors de la 8e \u00e9tape de la Vuelta \u00e0 32 km de l&rsquo;arriv\u00e9e, dans la localit\u00e9 valencienne de Xeraco, une \u00e9tape qui, au d\u00e9part, s&rsquo;annon\u00e7ait de transition. Selon le bulletin m\u00e9dical de son \u00e9quipe, Pogacar a souffert &lsquo;d&rsquo;une commotion c\u00e9r\u00e9brale, d&rsquo;une fracture d\u00e9plac\u00e9e de la clavicule gauche, d&rsquo;une fracture stable de la vert\u00e8bre cervicale C7 et de multiples abrasions&rsquo;.<\/p>\n<p>&lsquo;Heureusement, il ne pr\u00e9sente aucune autre l\u00e9sion grave ni s\u00e9quelles neurologiques. Il devra subir une intervention chirurgicale \u00e0 la clavicule, qui sera report\u00e9e par mesure de pr\u00e9caution en raison de la commotion c\u00e9r\u00e9brale&rsquo;, a ajout\u00e9 la formation UAE, qui n&rsquo;a pas pr\u00e9cis\u00e9 la dur\u00e9e de son indisponibilit\u00e9. Mais son \u00e9tat semble exclure qu&rsquo;il puisse d\u00e9fendre son titre de champion du monde fin septembre au Canada.<\/p>\n<p> \/ATS<\/p>\n","protected":false},"excerpt":{"rendered":"Tadej Pogacar a post\u00e9 dimanche sur les r\u00e9seaux sociaux une photo de lui depuis l&rsquo;h\u00f4pital, accompagn\u00e9e de la&hellip;\n","protected":false},"author":2,"featured_media":283730,"comment_status":"","ping_status":"","sticky":false,"template":"","format":"standard","meta":{"footnotes":"","_share_on_mastodon":"0"},"categories":[4],"tags":[22,121,124,128,119,122,123,118,136,132,131,133,130,21,135,120,126,117,125,114,115,116,23,129,127,134],"class_list":["post-283729","post","type-post","status-publish","format-standard","has-post-thumbnail","category-actualites","tag-actualites","tag-ajoie","tag-animation","tag-bienne","tag-delemont","tag-franches-montagnes","tag-frequence","tag-jura","tag-jura-bernois","tag-la-chaux-de-fonds","tag-moutier","tag-neuchatel","tag-neuveville","tag-news","tag-payerne","tag-porrentruy","tag-publicite","tag-radio","tag-redaction","tag-rfj","tag-rjb","tag-rtn","tag-suisse","tag-tavannes","tag-vallon-de-st-imier","tag-yverdon"],"share_on_mastodon":{"url":"https:\/\/pubeurope.com\/@ch_fr\/117187333672328216","error":""},"_links":{"self":[{"href":"https:\/\/www.europesays.com\/ch-fr\/wp-json\/wp\/v2\/posts\/283729","targetHints":{"allow":["GET"]}}],"collection":[{"href":"https:\/\/www.europesays.com\/ch-fr\/wp-json\/wp\/v2\/posts"}],"about":[{"href":"https:\/\/www.europesays.com\/ch-fr\/wp-json\/wp\/v2\/types\/post"}],"author":[{"embeddable":true,"href":"https:\/\/www.europesays.com\/ch-fr\/wp-json\/wp\/v2\/users\/2"}],"replies":[{"embeddable":true,"href":"https:\/\/www.europesays.com\/ch-fr\/wp-json\/wp\/v2\/comments?post=283729"}],"version-history":[{"count":0,"href":"https:\/\/www.europesays.com\/ch-fr\/wp-json\/wp\/v2\/posts\/283729\/revisions"}],"wp:featuredmedia":[{"embeddable":true,"href":"https:\/\/www.europesays.com\/ch-fr\/wp-json\/wp\/v2\/media\/283730"}],"wp:attachment":[{"href":"https:\/\/www.europesays.com\/ch-fr\/wp-json\/wp\/v2\/media?parent=283729"}],"wp:term":[{"taxonomy":"category","embeddable":true,"href":"https:\/\/www.europesays.com\/ch-fr\/wp-json\/wp\/v2\/categories?post=283729"},{"taxonomy":"post_tag","embeddable":true,"href":"https:\/\/www.europesays.com\/ch-fr\/wp-json\/wp\/v2\/tags?post=283729"}],"curies":[{"name":"wp","href":"https:\/\/api.w.org\/{rel}","templated":true}]}}