{"id":283737,"date":"2026-08-31T00:52:07","date_gmt":"2026-08-31T00:52:07","guid":{"rendered":"https:\/\/www.europesays.com\/ch-fr\/283737\/"},"modified":"2026-08-31T00:52:07","modified_gmt":"2026-08-31T00:52:07","slug":"lancement-dun-mini-pc-hasee-abordable-equipe-dun-processeur-amd-et-prenant-en-charge-les-egpu","status":"publish","type":"post","link":"https:\/\/www.europesays.com\/ch-fr\/283737\/","title":{"rendered":"Lancement d&rsquo;un mini-PC Hasee abordable \u00e9quip\u00e9 d&rsquo;un processeur AMD et prenant en charge les eGPU"},"content":{"rendered":"<p class=\"bodytext\">Hasee a lanc\u00e9 en Chine un nouveau mini-PC abordable, l\u2019Ares Mini R78D. Il est \u00e9quip\u00e9 d\u2019un APU AMD Hawk Point, le Ryzen 7 8745HS, qui est peut-\u00eatre un peu ancien \u00e0 pr\u00e9sent, mais qui reste capable de g\u00e9rer les t\u00e2ches quotidiennes.&#13;<\/p>\n<p class=\"bodytext\">Plus pr\u00e9cis\u00e9ment, avec ses 8 c\u0153urs Zen 4, il offre un niveau de performances similaire \u00e0 celui du Ryzen AI 5 340 <a href=\"https:\/\/www.notebookcheck.biz\/AMD-Hawk-Point-Zen-4-4c-R7-8745HS-Notebook-Processor.1021254.0.html\" target=\"_self\" class=\"internal-link\" rel=\"nofollow noopener\">lors des tests de performance<\/a>, qui est un APU relativement r\u00e9cent de la gamme Krakan Point. Le 8745HS int\u00e8gre \u00e9galement le Radeon 780M, un processeur graphique int\u00e9gr\u00e9 performant capable de faire tourner sans probl\u00e8me de nombreux jeux AAA en r\u00e9solution 1080p, gr\u00e2ce \u00e0 la mise \u00e0 l&rsquo;\u00e9chelle de la r\u00e9solution et \u00e0 des param\u00e8tres r\u00e9gl\u00e9s au minimum.&#13;<\/p>\n<p class=\"bodytext\">Pour ceux qui auraient besoin d\u2019un peu plus de puissance graphique, le Hasee Ares Mini R78D dispose d\u2019un port USB 4, qui prend en <a href=\"https:\/\/www.notebookcheck.biz\/Sparkle-presente-une-nouvelle-eGPU-compatible-Thunderbolt-5-et-dotee-de-nombreux-ports-d-x27-entree-sortie.1382092.0.html\" target=\"_self\" class=\"internal-link\" rel=\"nofollow noopener\">charge<\/a> <a href=\"https:\/\/www.notebookcheck.biz\/Sparkle-presente-une-nouvelle-eGPU-compatible-Thunderbolt-5-et-dotee-de-nombreux-ports-d-x27-entree-sortie.1382092.0.html\" target=\"_self\" class=\"internal-link\" rel=\"nofollow noopener\">les eGPU<\/a>. Bien s\u00fbr, un port OCuLink aurait rendu ce mini-PC encore plus adapt\u00e9 \u00e0 une configuration avec carte graphique externe. Outre le port USB 4, le syst\u00e8me dispose des ports suivants :<\/p>\n<p>5 ports USB 3.0 de type A1 port USB 2.0 de type A1 port USB Type-C (non sp\u00e9cifi\u00e9)2 ports Ethernet1 x HDMI 2.11 port DisplayPort 1.41 prise audio 3,5 mm<\/p>\n<p class=\"bodytext\">Il dispose de deux emplacements M.2 prenant en charge les SSD PCIe 4.0, et ce mini-PC est \u00e9quip\u00e9 de deux emplacements SO-DIMM pouvant accueillir des barrettes de m\u00e9moire vive DDR5 cadenc\u00e9es jusqu\u2019\u00e0 5 600 MHz. La soci\u00e9t\u00e9 n\u2019a pas explicitement mentionn\u00e9 la capacit\u00e9 nominale, mais chaque emplacement SSD devrait pouvoir accueillir un disque de 8 To, tandis que le <a href=\"https:\/\/www.bee-link.com\/products\/beelink-ser8-8745hs\" class=\"external-link-new-window\" data-htmlarea-external=\"1\" rtekeep=\"1\" rel=\"nofollow noopener\" target=\"_blank\">Beelink SER8,<\/a> \u00e9quip\u00e9 du m\u00eame APU, prend en charge jusqu\u2019\u00e0 256 Go de m\u00e9moire vive.&#13;<\/p>\n<p class=\"bodytext\">En Chine, le Hasee Ares Mini R784D est propos\u00e9 \u00e0 partir de 1 999 CNY, soit environ 297 $, ce qui rend ce mini-PC assez abordable ; il convient toutefois de noter que ce prix correspond \u00e0 la configuration \u00ab barebone \u00bb. Bien que la soci\u00e9t\u00e9 soit pr\u00e9sente \u00e0 l\u2019\u00e9chelle mondiale, ce syst\u00e8me a peu de chances d\u2019\u00eatre largement disponible sur les march\u00e9s hors de Chine. Pour les personnes int\u00e9ress\u00e9es, le Geekom A8 Max pr\u00e9sente des caract\u00e9ristiques techniques similaires et a \u00e9galement obtenu de bons r\u00e9sultats <a href=\"https:\/\/www.notebookcheck.biz\/Test-du-Geekom-A8-Max-mini-PC-au-meilleur-rapport-qualite-prix-avec-AMD-Ryzen-7-8845HS.1005791.0.html\" target=\"_self\" class=\"internal-link\" rel=\"nofollow noopener\">lors de notre test<\/a> (version \u00ab barebone \u00bb actuellement <a href=\"https:\/\/www.amazon.com\/GEEKOM-Barebones-A8-Max-Office\/dp\/B0GVRZLTSC?tag=nbcnewsnet-20\" target=\"_blank\" rel=\"sponsored nofollow noopener\" class=\"external-link-new-window\" data-htmlarea-external=\"1\" rtekeep=\"1\">\u00e0<\/a> <a href=\"https:\/\/www.amazon.com\/GEEKOM-Barebones-A8-Max-Office\/dp\/B0GVRZLTSC?tag=nbcnewsnet-20\" target=\"_blank\" rel=\"sponsored nofollow noopener\" class=\"external-link-new-window\" data-htmlarea-external=\"1\" rtekeep=\"1\">359 $ sur Amazon<\/a>).<\/p>\n","protected":false},"excerpt":{"rendered":"Hasee a lanc\u00e9 en Chine un nouveau mini-PC abordable, l\u2019Ares Mini R78D. Il est \u00e9quip\u00e9 d\u2019un APU AMD&hellip;\n","protected":false},"author":2,"featured_media":283738,"comment_status":"","ping_status":"","sticky":false,"template":"","format":"standard","meta":{"footnotes":"","_share_on_mastodon":"0"},"categories":[7],"tags":[24987,6381,61441,7230,42541,61440,61442,74,7072,70,34255,26077,72,71,6993,61,57,59,58,23,60,62,73,11850,61443],"class_list":["post-283737","post","type-post","status-publish","format-standard","has-post-thumbnail","category-sciences-et-technologies","tag-abordable","tag-amd","tag-ares","tag-ddr5","tag-egpu","tag-hasee","tag-hawk-point","tag-informations-sur-des-ordinateurs-portatifs","tag-mini-pc","tag-nouvelles","tag-pcie","tag-radeon","tag-rapport","tag-revues","tag-ryzen","tag-science","tag-science-and-technology","tag-sciences","tag-sciences-et-technologies","tag-suisse","tag-technologies","tag-technology","tag-test","tag-usb4","tag-zen-4"],"share_on_mastodon":{"url":"https:\/\/pubeurope.com\/@ch_fr\/117187388774654975","error":""},"_links":{"self":[{"href":"https:\/\/www.europesays.com\/ch-fr\/wp-json\/wp\/v2\/posts\/283737","targetHints":{"allow":["GET"]}}],"collection":[{"href":"https:\/\/www.europesays.com\/ch-fr\/wp-json\/wp\/v2\/posts"}],"about":[{"href":"https:\/\/www.europesays.com\/ch-fr\/wp-json\/wp\/v2\/types\/post"}],"author":[{"embeddable":true,"href":"https:\/\/www.europesays.com\/ch-fr\/wp-json\/wp\/v2\/users\/2"}],"replies":[{"embeddable":true,"href":"https:\/\/www.europesays.com\/ch-fr\/wp-json\/wp\/v2\/comments?post=283737"}],"version-history":[{"count":0,"href":"https:\/\/www.europesays.com\/ch-fr\/wp-json\/wp\/v2\/posts\/283737\/revisions"}],"wp:featuredmedia":[{"embeddable":true,"href":"https:\/\/www.europesays.com\/ch-fr\/wp-json\/wp\/v2\/media\/283738"}],"wp:attachment":[{"href":"https:\/\/www.europesays.com\/ch-fr\/wp-json\/wp\/v2\/media?parent=283737"}],"wp:term":[{"taxonomy":"category","embeddable":true,"href":"https:\/\/www.europesays.com\/ch-fr\/wp-json\/wp\/v2\/categories?post=283737"},{"taxonomy":"post_tag","embeddable":true,"href":"https:\/\/www.europesays.com\/ch-fr\/wp-json\/wp\/v2\/tags?post=283737"}],"curies":[{"name":"wp","href":"https:\/\/api.w.org\/{rel}","templated":true}]}}