{"id":283747,"date":"2026-08-31T01:14:15","date_gmt":"2026-08-31T01:14:15","guid":{"rendered":"https:\/\/www.europesays.com\/ch-fr\/283747\/"},"modified":"2026-08-31T01:14:15","modified_gmt":"2026-08-31T01:14:15","slug":"sina-frei-vise-le-titre-mondial-en-cross-country","status":"publish","type":"post","link":"https:\/\/www.europesays.com\/ch-fr\/283747\/","title":{"rendered":"Sina Frei vise le titre mondial en cross-country"},"content":{"rendered":"<p class=\"wysiwyg-h2\">M\u00e9daill\u00e9e de bronze en short-track jeudi, Sina Frei veut faire encore mieux dimanche lors du cross-country des Mondiaux de Val di Sole. La Zurichoise veut d\u00e9crocher le maillot arc-en-ciel.<\/p>\n<p>Sa candidature a pris de l&rsquo;ampleur ces derni\u00e8res semaines apr\u00e8s ses deux doubl\u00e9s short-track\/cross-country aux Championnats d&rsquo;Europe puis lors de l&rsquo;\u00e9tape de Coupe du monde des Gets. Mais Sina Frei fera face \u00e0 une redoutable concurrence \u00e0 Val di Sole.<\/p>\n<p>Outre la Su\u00e9doise Jenny Rissveds, leader du classement g\u00e9n\u00e9ral de la Coupe du monde, la Suissesse devra se m\u00e9fier de l&rsquo;Autrichienne Laura Stigger et de la Britannique Evie Richards, qui ont fauss\u00e9 compagnie aux deux favorites jeudi \u00e0 l&rsquo;occasion du short-track.<\/p>\n<p>Alessandra Keller et Nicole Koller peuvent, elles aussi, viser le podium lors de cette course. La Nidwaldienne et la Zurichoise ont termin\u00e9 non loin des m\u00e9dailles lors du short-track (6e et 5e respectivement) et auront leur mot \u00e0 dire dimanche.<\/p>\n<p>Chez les hommes en revanche, les Suisses partiront plut\u00f4t en tant qu&rsquo;outsiders. Dario Lillo, 6e du short-track, repr\u00e9sente la meilleure chance de m\u00e9daille.<\/p>\n<p>La course f\u00e9minine aura lieu \u00e0 13h00 et celle des messieurs \u00e0 15h15.<\/p>\n<p> \/ATS<\/p>\n","protected":false},"excerpt":{"rendered":"M\u00e9daill\u00e9e de bronze en short-track jeudi, Sina Frei veut faire encore mieux dimanche lors du cross-country des Mondiaux&hellip;\n","protected":false},"author":2,"featured_media":283748,"comment_status":"","ping_status":"","sticky":false,"template":"","format":"standard","meta":{"footnotes":"","_share_on_mastodon":"0"},"categories":[4],"tags":[22,121,124,128,119,122,123,118,136,132,131,133,130,21,135,120,126,117,125,114,115,116,23,129,127,134],"class_list":["post-283747","post","type-post","status-publish","format-standard","has-post-thumbnail","category-actualites","tag-actualites","tag-ajoie","tag-animation","tag-bienne","tag-delemont","tag-franches-montagnes","tag-frequence","tag-jura","tag-jura-bernois","tag-la-chaux-de-fonds","tag-moutier","tag-neuchatel","tag-neuveville","tag-news","tag-payerne","tag-porrentruy","tag-publicite","tag-radio","tag-redaction","tag-rfj","tag-rjb","tag-rtn","tag-suisse","tag-tavannes","tag-vallon-de-st-imier","tag-yverdon"],"share_on_mastodon":{"url":"https:\/\/pubeurope.com\/@ch_fr\/117187475313607141","error":""},"_links":{"self":[{"href":"https:\/\/www.europesays.com\/ch-fr\/wp-json\/wp\/v2\/posts\/283747","targetHints":{"allow":["GET"]}}],"collection":[{"href":"https:\/\/www.europesays.com\/ch-fr\/wp-json\/wp\/v2\/posts"}],"about":[{"href":"https:\/\/www.europesays.com\/ch-fr\/wp-json\/wp\/v2\/types\/post"}],"author":[{"embeddable":true,"href":"https:\/\/www.europesays.com\/ch-fr\/wp-json\/wp\/v2\/users\/2"}],"replies":[{"embeddable":true,"href":"https:\/\/www.europesays.com\/ch-fr\/wp-json\/wp\/v2\/comments?post=283747"}],"version-history":[{"count":0,"href":"https:\/\/www.europesays.com\/ch-fr\/wp-json\/wp\/v2\/posts\/283747\/revisions"}],"wp:featuredmedia":[{"embeddable":true,"href":"https:\/\/www.europesays.com\/ch-fr\/wp-json\/wp\/v2\/media\/283748"}],"wp:attachment":[{"href":"https:\/\/www.europesays.com\/ch-fr\/wp-json\/wp\/v2\/media?parent=283747"}],"wp:term":[{"taxonomy":"category","embeddable":true,"href":"https:\/\/www.europesays.com\/ch-fr\/wp-json\/wp\/v2\/categories?post=283747"},{"taxonomy":"post_tag","embeddable":true,"href":"https:\/\/www.europesays.com\/ch-fr\/wp-json\/wp\/v2\/tags?post=283747"}],"curies":[{"name":"wp","href":"https:\/\/api.w.org\/{rel}","templated":true}]}}