{"id":283753,"date":"2026-08-31T01:32:14","date_gmt":"2026-08-31T01:32:14","guid":{"rendered":"https:\/\/www.europesays.com\/ch-fr\/283753\/"},"modified":"2026-08-31T01:32:14","modified_gmt":"2026-08-31T01:32:14","slug":"retour-a-la-normale-apres-lincendie-decublens-vd-3","status":"publish","type":"post","link":"https:\/\/www.europesays.com\/ch-fr\/283753\/","title":{"rendered":"Retour \u00e0 la normale apr\u00e8s l&rsquo;incendie d&rsquo;Ecublens (VD)"},"content":{"rendered":"<p class=\"wysiwyg-h2\">La situation est revenue \u00e0 la normale apr\u00e8s l&rsquo;incendie qui a ravag\u00e9 le site d&rsquo;une entreprise de recyclage de d\u00e9chets m\u00e9talliques \u00e0 Ecublens (VD). &lsquo;Les mesures particuli\u00e8res peuvent \u00eatre lev\u00e9es&rsquo;, a affirm\u00e9 dimanche la police cantonale.<\/p>\n<p>L&rsquo;autoroute, d&rsquo;abord ferm\u00e9e enti\u00e8rement de vendredi soir \u00e0 samedi \u00e0 la mi-journ\u00e9e, avait \u00e9t\u00e9 partiellement rouverte. Elle est d\u00e9sormais totalement r\u00e9tablie pour la circulation.<\/p>\n<p>Les recommandations d&rsquo;\u00e9viter les activit\u00e9s physiques dans le Grand Lausanne, de maintenir les fen\u00eatres closes et de porter un masque FFP2 en cas de sortie \u00e0 l&rsquo;ext\u00e9rieur sont lev\u00e9es. En revanche, les fruits et les l\u00e9gumes expos\u00e9s aux fum\u00e9es doivent \u00eatre lav\u00e9s avant consommation.<\/p>\n<p>De m\u00eame, les oeufs venant d&rsquo;\u00e9levages priv\u00e9s ne doivent pas \u00eatre mang\u00e9s lorsque des suies sont visibles dans l&rsquo;environnement de ceux-ci.<\/p>\n<p>Le sinistre \u00e9tait parti vendredi avant 19h00, &lsquo;en toute vraisemblance&rsquo;, d&rsquo;une carcasse de voiture. Les causes et les circonstances exactes devront \u00eatre \u00e9tablies par l&rsquo;investigation du Minist\u00e8re public.<\/p>\n<p> \/ATS<\/p>\n","protected":false},"excerpt":{"rendered":"La situation est revenue \u00e0 la normale apr\u00e8s l&rsquo;incendie qui a ravag\u00e9 le site d&rsquo;une entreprise de recyclage&hellip;\n","protected":false},"author":2,"featured_media":283754,"comment_status":"","ping_status":"","sticky":false,"template":"","format":"standard","meta":{"footnotes":"","_share_on_mastodon":"0"},"categories":[4],"tags":[22,121,124,128,119,122,123,118,136,132,131,133,130,21,135,120,126,117,125,114,115,116,23,129,127,134],"class_list":["post-283753","post","type-post","status-publish","format-standard","has-post-thumbnail","category-actualites","tag-actualites","tag-ajoie","tag-animation","tag-bienne","tag-delemont","tag-franches-montagnes","tag-frequence","tag-jura","tag-jura-bernois","tag-la-chaux-de-fonds","tag-moutier","tag-neuchatel","tag-neuveville","tag-news","tag-payerne","tag-porrentruy","tag-publicite","tag-radio","tag-redaction","tag-rfj","tag-rjb","tag-rtn","tag-suisse","tag-tavannes","tag-vallon-de-st-imier","tag-yverdon"],"share_on_mastodon":{"url":"https:\/\/pubeurope.com\/@ch_fr\/117187546124607836","error":""},"_links":{"self":[{"href":"https:\/\/www.europesays.com\/ch-fr\/wp-json\/wp\/v2\/posts\/283753","targetHints":{"allow":["GET"]}}],"collection":[{"href":"https:\/\/www.europesays.com\/ch-fr\/wp-json\/wp\/v2\/posts"}],"about":[{"href":"https:\/\/www.europesays.com\/ch-fr\/wp-json\/wp\/v2\/types\/post"}],"author":[{"embeddable":true,"href":"https:\/\/www.europesays.com\/ch-fr\/wp-json\/wp\/v2\/users\/2"}],"replies":[{"embeddable":true,"href":"https:\/\/www.europesays.com\/ch-fr\/wp-json\/wp\/v2\/comments?post=283753"}],"version-history":[{"count":0,"href":"https:\/\/www.europesays.com\/ch-fr\/wp-json\/wp\/v2\/posts\/283753\/revisions"}],"wp:featuredmedia":[{"embeddable":true,"href":"https:\/\/www.europesays.com\/ch-fr\/wp-json\/wp\/v2\/media\/283754"}],"wp:attachment":[{"href":"https:\/\/www.europesays.com\/ch-fr\/wp-json\/wp\/v2\/media?parent=283753"}],"wp:term":[{"taxonomy":"category","embeddable":true,"href":"https:\/\/www.europesays.com\/ch-fr\/wp-json\/wp\/v2\/categories?post=283753"},{"taxonomy":"post_tag","embeddable":true,"href":"https:\/\/www.europesays.com\/ch-fr\/wp-json\/wp\/v2\/tags?post=283753"}],"curies":[{"name":"wp","href":"https:\/\/api.w.org\/{rel}","templated":true}]}}