{"id":283777,"date":"2026-08-31T02:26:11","date_gmt":"2026-08-31T02:26:11","guid":{"rendered":"https:\/\/www.europesays.com\/ch-fr\/283777\/"},"modified":"2026-08-31T02:26:11","modified_gmt":"2026-08-31T02:26:11","slug":"trois-suisses-en-lice-lundi-a-new-york-dont-wawrinka","status":"publish","type":"post","link":"https:\/\/www.europesays.com\/ch-fr\/283777\/","title":{"rendered":"Trois Suisses en lice lundi \u00e0 New York, dont Wawrinka"},"content":{"rendered":"<p class=\"wysiwyg-h2\">Trois Suisses disputeront leur 1er tour lundi lors de la 2e journ\u00e9e de l&rsquo;US Open. Stan Wawrinka sera en lice sur le Grandstand, le troisi\u00e8me plus important court de Flushing Meadows.<\/p>\n<p>Invit\u00e9 de derni\u00e8re minute &#8211; il \u00e9tait m\u00eame d\u00e9j\u00e0 rentr\u00e9 en Suisse lorsqu&rsquo;on lui a attribu\u00e9 cette &lsquo;wild card&rsquo; &#8211; Stan Wawrinka se frottera \u00e0 Matteo Berrettini dans le troisi\u00e8me match programm\u00e9 sur le Grandstand, apr\u00e8s deux parties du simple dames, probablement pas avant 20h heure suisse.<\/p>\n<p>Le vainqueur de l&rsquo;\u00e9dition 2016 du Majeur new-yorkais sur une d\u00e9faite face \u00e0 l&rsquo;Italien, au 1er tour du dernier Wimbledon, o\u00f9 il avait \u00e9t\u00e9 battu en quatre sets et autant de tie-breaks apr\u00e8s 4h15 de lutte. En cas de victoire, il retrouverait Novak Djokovic au 2e tour.<\/p>\n<p>La Zurichoise Viktorija Golubic affrontera pour sa part Diane Parry, laur\u00e9ate du WTA 500 de Monterrey samedi, sur le court no 9, pas avant 21h heure suisse. Quant \u00e0 la Grisonne Simona Waltert, elle se mesurera \u00e0 Nadia Podoroska sur le no 13, vers 18h30. La St-Galloise Belinda Bencic jouera son 1er tour mardi.<\/p>\n<p> \/ATS<\/p>\n","protected":false},"excerpt":{"rendered":"Trois Suisses disputeront leur 1er tour lundi lors de la 2e journ\u00e9e de l&rsquo;US Open. Stan Wawrinka sera&hellip;\n","protected":false},"author":2,"featured_media":283778,"comment_status":"","ping_status":"","sticky":false,"template":"","format":"standard","meta":{"footnotes":"","_share_on_mastodon":"0"},"categories":[4],"tags":[22,121,124,128,119,122,123,118,136,132,131,133,130,21,135,120,126,117,125,114,115,116,23,129,127,134],"class_list":["post-283777","post","type-post","status-publish","format-standard","has-post-thumbnail","category-actualites","tag-actualites","tag-ajoie","tag-animation","tag-bienne","tag-delemont","tag-franches-montagnes","tag-frequence","tag-jura","tag-jura-bernois","tag-la-chaux-de-fonds","tag-moutier","tag-neuchatel","tag-neuveville","tag-news","tag-payerne","tag-porrentruy","tag-publicite","tag-radio","tag-redaction","tag-rfj","tag-rjb","tag-rtn","tag-suisse","tag-tavannes","tag-vallon-de-st-imier","tag-yverdon"],"share_on_mastodon":{"url":"https:\/\/pubeurope.com\/@ch_fr\/117187758428947465","error":""},"_links":{"self":[{"href":"https:\/\/www.europesays.com\/ch-fr\/wp-json\/wp\/v2\/posts\/283777","targetHints":{"allow":["GET"]}}],"collection":[{"href":"https:\/\/www.europesays.com\/ch-fr\/wp-json\/wp\/v2\/posts"}],"about":[{"href":"https:\/\/www.europesays.com\/ch-fr\/wp-json\/wp\/v2\/types\/post"}],"author":[{"embeddable":true,"href":"https:\/\/www.europesays.com\/ch-fr\/wp-json\/wp\/v2\/users\/2"}],"replies":[{"embeddable":true,"href":"https:\/\/www.europesays.com\/ch-fr\/wp-json\/wp\/v2\/comments?post=283777"}],"version-history":[{"count":0,"href":"https:\/\/www.europesays.com\/ch-fr\/wp-json\/wp\/v2\/posts\/283777\/revisions"}],"wp:featuredmedia":[{"embeddable":true,"href":"https:\/\/www.europesays.com\/ch-fr\/wp-json\/wp\/v2\/media\/283778"}],"wp:attachment":[{"href":"https:\/\/www.europesays.com\/ch-fr\/wp-json\/wp\/v2\/media?parent=283777"}],"wp:term":[{"taxonomy":"category","embeddable":true,"href":"https:\/\/www.europesays.com\/ch-fr\/wp-json\/wp\/v2\/categories?post=283777"},{"taxonomy":"post_tag","embeddable":true,"href":"https:\/\/www.europesays.com\/ch-fr\/wp-json\/wp\/v2\/tags?post=283777"}],"curies":[{"name":"wp","href":"https:\/\/api.w.org\/{rel}","templated":true}]}}