{"id":283781,"date":"2026-08-31T02:37:15","date_gmt":"2026-08-31T02:37:15","guid":{"rendered":"https:\/\/www.europesays.com\/ch-fr\/283781\/"},"modified":"2026-08-31T02:37:15","modified_gmt":"2026-08-31T02:37:15","slug":"en-direct-sur-musiq3-le-berliner-philharmoniker-sous-la-direction-de-kirill-petrenko","status":"publish","type":"post","link":"https:\/\/www.europesays.com\/ch-fr\/283781\/","title":{"rendered":"En direct sur Musiq3 : le Berliner Philharmoniker sous la direction de Kirill Petrenko"},"content":{"rendered":"<p>Le concert du 2 septembre s\u2019ouvrira avec les Variations Enigma d\u2019Edward Elgar. Compos\u00e9e entre 1898 et 1899, cette suite de quatorze variations dresse une s\u00e9rie de portraits musicaux de proches du compositeur, sans jamais r\u00e9v\u00e9ler le th\u00e8me myst\u00e9rieux qui les relierait. Sa neuvi\u00e8me variation, Nimrod,\u00a0est consacr\u00e9e \u00e0 son ami August Jaeger et\u00a0est devenue l\u2019une des pages les plus c\u00e9l\u00e8bres de la musique britannique.<\/p>\n<p>En seconde partie, le Berliner Philharmoniker interpr\u00e9tera la Quatri\u00e8me Symphonie (opus 36) de Piotr Ilitch Tcha\u00efkovski. Compos\u00e9e entre 1877 et 1878, elle est d\u00e9di\u00e9e \u00e0 Nadejda von Meck, m\u00e9c\u00e8ne et confidente avec laquelle le compositeur entretient alors une importante correspondance.<\/p>\n<p>Le 2 septembre d\u00e8s 19h, en direct sur Musiq3 avec Laurent Graulus.<\/p>\n","protected":false},"excerpt":{"rendered":"Le concert du 2 septembre s\u2019ouvrira avec les Variations Enigma d\u2019Edward Elgar. Compos\u00e9e entre 1898 et 1899, cette&hellip;\n","protected":false},"author":2,"featured_media":283782,"comment_status":"","ping_status":"","sticky":false,"template":"","format":"standard","meta":{"footnotes":"","_share_on_mastodon":"0"},"categories":[10],"tags":[113,112,23],"class_list":["post-283781","post","type-post","status-publish","format-standard","has-post-thumbnail","category-divertissement","tag-divertissement","tag-entertainment","tag-suisse"],"share_on_mastodon":{"url":"https:\/\/pubeurope.com\/@ch_fr\/117187801738261543","error":""},"_links":{"self":[{"href":"https:\/\/www.europesays.com\/ch-fr\/wp-json\/wp\/v2\/posts\/283781","targetHints":{"allow":["GET"]}}],"collection":[{"href":"https:\/\/www.europesays.com\/ch-fr\/wp-json\/wp\/v2\/posts"}],"about":[{"href":"https:\/\/www.europesays.com\/ch-fr\/wp-json\/wp\/v2\/types\/post"}],"author":[{"embeddable":true,"href":"https:\/\/www.europesays.com\/ch-fr\/wp-json\/wp\/v2\/users\/2"}],"replies":[{"embeddable":true,"href":"https:\/\/www.europesays.com\/ch-fr\/wp-json\/wp\/v2\/comments?post=283781"}],"version-history":[{"count":0,"href":"https:\/\/www.europesays.com\/ch-fr\/wp-json\/wp\/v2\/posts\/283781\/revisions"}],"wp:featuredmedia":[{"embeddable":true,"href":"https:\/\/www.europesays.com\/ch-fr\/wp-json\/wp\/v2\/media\/283782"}],"wp:attachment":[{"href":"https:\/\/www.europesays.com\/ch-fr\/wp-json\/wp\/v2\/media?parent=283781"}],"wp:term":[{"taxonomy":"category","embeddable":true,"href":"https:\/\/www.europesays.com\/ch-fr\/wp-json\/wp\/v2\/categories?post=283781"},{"taxonomy":"post_tag","embeddable":true,"href":"https:\/\/www.europesays.com\/ch-fr\/wp-json\/wp\/v2\/tags?post=283781"}],"curies":[{"name":"wp","href":"https:\/\/api.w.org\/{rel}","templated":true}]}}