{"id":283807,"date":"2026-08-31T03:20:15","date_gmt":"2026-08-31T03:20:15","guid":{"rendered":"https:\/\/www.europesays.com\/ch-fr\/283807\/"},"modified":"2026-08-31T03:20:15","modified_gmt":"2026-08-31T03:20:15","slug":"marc-marquez-remporte-la-course-sprint-en-aragon","status":"publish","type":"post","link":"https:\/\/www.europesays.com\/ch-fr\/283807\/","title":{"rendered":"Marc Marquez remporte la course sprint en Aragon"},"content":{"rendered":"<p class=\"wysiwyg-h2\">Le champion du monde en titre Marc Marquez (Ducati) a remport\u00e9 sans trembler la course sprint du Grand Prix d&rsquo;Aragon de MotoGP. L&rsquo;Espagnol a devanc\u00e9 son fr\u00e8re Alex et l&rsquo;Italien Marco Bezzecchi.<\/p>\n<p>Le Catalan s&rsquo;est impos\u00e9 avec 1\u00a0\u00bb140 d&rsquo;avance sur son cadet samedi sur le circuit de Motorland. Bezzecchi, qui avait pourtant \u00e9t\u00e9 impressionnant dans la matin\u00e9e en d\u00e9crochant la pole position avec un temps canon, a conc\u00e9d\u00e9 2\u00a0\u00bb089.<\/p>\n<p>Marc Marquez r\u00e9alise une bonne op\u00e9ration au championnat puisque le leader espagnol Jorge Martin (Aprilia) n&rsquo;a termin\u00e9 que cinqui\u00e8me du sprint. Marc Marquez lui a donc repris sept points et accuse d\u00e9sormais 33 longueurs de retard sur son compatriote.<\/p>\n<p>Le Fran\u00e7ais Johann Zarco (Honda-LCR), de retour apr\u00e8s plus de trois mois d&rsquo;absence en raison d&rsquo;une s\u00e9rieuse blessure aux ligaments du genou gauche, a par ailleurs pris une belle 9e place, inscrivant ainsi un point.<\/p>\n<p> \/ATS<\/p>\n","protected":false},"excerpt":{"rendered":"Le champion du monde en titre Marc Marquez (Ducati) a remport\u00e9 sans trembler la course sprint du Grand&hellip;\n","protected":false},"author":2,"featured_media":283808,"comment_status":"","ping_status":"","sticky":false,"template":"","format":"standard","meta":{"footnotes":"","_share_on_mastodon":"0"},"categories":[4],"tags":[22,121,124,128,119,122,123,118,136,132,131,133,130,21,135,120,126,117,125,114,115,116,23,129,127,134],"class_list":["post-283807","post","type-post","status-publish","format-standard","has-post-thumbnail","category-actualites","tag-actualites","tag-ajoie","tag-animation","tag-bienne","tag-delemont","tag-franches-montagnes","tag-frequence","tag-jura","tag-jura-bernois","tag-la-chaux-de-fonds","tag-moutier","tag-neuchatel","tag-neuveville","tag-news","tag-payerne","tag-porrentruy","tag-publicite","tag-radio","tag-redaction","tag-rfj","tag-rjb","tag-rtn","tag-suisse","tag-tavannes","tag-vallon-de-st-imier","tag-yverdon"],"share_on_mastodon":{"url":"https:\/\/pubeurope.com\/@ch_fr\/117187970658377936","error":""},"_links":{"self":[{"href":"https:\/\/www.europesays.com\/ch-fr\/wp-json\/wp\/v2\/posts\/283807","targetHints":{"allow":["GET"]}}],"collection":[{"href":"https:\/\/www.europesays.com\/ch-fr\/wp-json\/wp\/v2\/posts"}],"about":[{"href":"https:\/\/www.europesays.com\/ch-fr\/wp-json\/wp\/v2\/types\/post"}],"author":[{"embeddable":true,"href":"https:\/\/www.europesays.com\/ch-fr\/wp-json\/wp\/v2\/users\/2"}],"replies":[{"embeddable":true,"href":"https:\/\/www.europesays.com\/ch-fr\/wp-json\/wp\/v2\/comments?post=283807"}],"version-history":[{"count":0,"href":"https:\/\/www.europesays.com\/ch-fr\/wp-json\/wp\/v2\/posts\/283807\/revisions"}],"wp:featuredmedia":[{"embeddable":true,"href":"https:\/\/www.europesays.com\/ch-fr\/wp-json\/wp\/v2\/media\/283808"}],"wp:attachment":[{"href":"https:\/\/www.europesays.com\/ch-fr\/wp-json\/wp\/v2\/media?parent=283807"}],"wp:term":[{"taxonomy":"category","embeddable":true,"href":"https:\/\/www.europesays.com\/ch-fr\/wp-json\/wp\/v2\/categories?post=283807"},{"taxonomy":"post_tag","embeddable":true,"href":"https:\/\/www.europesays.com\/ch-fr\/wp-json\/wp\/v2\/tags?post=283807"}],"curies":[{"name":"wp","href":"https:\/\/api.w.org\/{rel}","templated":true}]}}