{"id":283827,"date":"2026-08-31T03:56:17","date_gmt":"2026-08-31T03:56:17","guid":{"rendered":"https:\/\/www.europesays.com\/ch-fr\/283827\/"},"modified":"2026-08-31T03:56:17","modified_gmt":"2026-08-31T03:56:17","slug":"ndoye-marque-nottingham-obtient-le-nul-a-liverpool-2","status":"publish","type":"post","link":"https:\/\/www.europesays.com\/ch-fr\/283827\/","title":{"rendered":"Ndoye marque, Nottingham obtient le nul \u00e0 Liverpool"},"content":{"rendered":"<p class=\"wysiwyg-h2\">Nottingham Forest a obtenu un nul 2-2 sur la pelouse de Liverpool samedi lors de la 2e journ\u00e9e de Premier League. Le Vaudois Dan Ndoye a ouvert la marque pour les hommes d&rsquo;Oliver Glasner.<\/p>\n<p>L&rsquo;ailier international suisse a tromp\u00e9 le portier des Reds Alisson d&rsquo;un plat du pied droit \u00e0 la 24e minute. Il a profit\u00e9 d&rsquo;un d\u00e9calage de Morgan Gibbs-White, au terme d&rsquo;une action anodine initi\u00e9e par un long d\u00e9gagement du gardien Matz Sels, action sur laquelle la d\u00e9fense de Liverpool a paru bien emprunt\u00e9e.<\/p>\n<p>Liverpool n&rsquo;a rien l\u00e2ch\u00e9 devant son public. La troupe du coach Andoni Iraola a \u00e9galis\u00e9 une premi\u00e8re fois \u00e0 la 60e, six minutes avant la sortie de Ndoye, par l&rsquo;interm\u00e9diaire d&rsquo;Alexander Isak. A nouveau men\u00e9s apr\u00e8s un penalty transform\u00e9 par Gibbs-White \u00e0 la 70e, les Reds ont recoll\u00e9 \u00e0 2-2 sur une r\u00e9ussite de Victor Mu\u00f1oz (82e).<\/p>\n<p>Meilleur joueur de son \u00e9quipe samedi, Dan Ndoye s&rsquo;\u00e9tait d\u00e9j\u00e0 tr\u00e8s rapidement illustr\u00e9 la saison derni\u00e8re, inscrivant m\u00eame un but d\u00e8s son premier match sous le maillot de Forest en Premier League face \u00e0 Brentford. Mais cette r\u00e9ussite \u00e9tait demeur\u00e9e la seule pour lui dans le championnat 2025\/26&#8230;<\/p>\n<p> \/ATS<\/p>\n","protected":false},"excerpt":{"rendered":"Nottingham Forest a obtenu un nul 2-2 sur la pelouse de Liverpool samedi lors de la 2e journ\u00e9e&hellip;\n","protected":false},"author":2,"featured_media":283828,"comment_status":"","ping_status":"","sticky":false,"template":"","format":"standard","meta":{"footnotes":"","_share_on_mastodon":"0"},"categories":[4],"tags":[22,121,124,128,119,122,123,118,136,132,131,133,130,21,135,120,126,117,125,114,115,116,23,129,127,134],"class_list":["post-283827","post","type-post","status-publish","format-standard","has-post-thumbnail","category-actualites","tag-actualites","tag-ajoie","tag-animation","tag-bienne","tag-delemont","tag-franches-montagnes","tag-frequence","tag-jura","tag-jura-bernois","tag-la-chaux-de-fonds","tag-moutier","tag-neuchatel","tag-neuveville","tag-news","tag-payerne","tag-porrentruy","tag-publicite","tag-radio","tag-redaction","tag-rfj","tag-rjb","tag-rtn","tag-suisse","tag-tavannes","tag-vallon-de-st-imier","tag-yverdon"],"share_on_mastodon":{"url":"https:\/\/pubeurope.com\/@ch_fr\/117188112301694305","error":""},"_links":{"self":[{"href":"https:\/\/www.europesays.com\/ch-fr\/wp-json\/wp\/v2\/posts\/283827","targetHints":{"allow":["GET"]}}],"collection":[{"href":"https:\/\/www.europesays.com\/ch-fr\/wp-json\/wp\/v2\/posts"}],"about":[{"href":"https:\/\/www.europesays.com\/ch-fr\/wp-json\/wp\/v2\/types\/post"}],"author":[{"embeddable":true,"href":"https:\/\/www.europesays.com\/ch-fr\/wp-json\/wp\/v2\/users\/2"}],"replies":[{"embeddable":true,"href":"https:\/\/www.europesays.com\/ch-fr\/wp-json\/wp\/v2\/comments?post=283827"}],"version-history":[{"count":0,"href":"https:\/\/www.europesays.com\/ch-fr\/wp-json\/wp\/v2\/posts\/283827\/revisions"}],"wp:featuredmedia":[{"embeddable":true,"href":"https:\/\/www.europesays.com\/ch-fr\/wp-json\/wp\/v2\/media\/283828"}],"wp:attachment":[{"href":"https:\/\/www.europesays.com\/ch-fr\/wp-json\/wp\/v2\/media?parent=283827"}],"wp:term":[{"taxonomy":"category","embeddable":true,"href":"https:\/\/www.europesays.com\/ch-fr\/wp-json\/wp\/v2\/categories?post=283827"},{"taxonomy":"post_tag","embeddable":true,"href":"https:\/\/www.europesays.com\/ch-fr\/wp-json\/wp\/v2\/tags?post=283827"}],"curies":[{"name":"wp","href":"https:\/\/api.w.org\/{rel}","templated":true}]}}