{"id":283841,"date":"2026-08-31T04:27:23","date_gmt":"2026-08-31T04:27:23","guid":{"rendered":"https:\/\/www.europesays.com\/ch-fr\/283841\/"},"modified":"2026-08-31T04:27:23","modified_gmt":"2026-08-31T04:27:23","slug":"le-hca-battu-sur-le-fil-rfj","status":"publish","type":"post","link":"https:\/\/www.europesays.com\/ch-fr\/283841\/","title":{"rendered":"Le HCA battu sur le fil &#8211; RFJ"},"content":{"rendered":"<p><a href=\"https:\/\/news.google.com\/rss\/articles\/CBMigAFBVV95cUxOWThLdlk1VEVTVFhzcXVSbWp6S1VfeUtIcUZhUjUwR3lwbXdGcnR3OFlaQU5ESnprNU5tY09WTFRZNXd2aDRoQjY4QzI2VGpFak02OGVtSWJGWDhuMVUyb1h1eTVoZ3FhSmdhVkdPMHRLT3hiQ1VvQnpfMHpxLWRkdg?oc=5\" target=\"_blank\" rel=\"nofollow noopener\">Le HCA battu sur le fil<\/a>&nbsp;&nbsp;RFJ<a href=\"https:\/\/news.google.com\/rss\/articles\/CBMijgFBVV95cUxOdTQybG5QRWVlZ1pFNkthMUVadG9zdXdBRFFrQUNodUFWaFhuZVF5S0ZLbGhEcGlxdUx4V2wzNlB6ZnkyMEJhUnlwUXQ5S3dhXzFwV2pLbUVSV1dtOXE3bnJra3Z4N1hQMWNWYUFVd1ZQTzZiSFhEU1J4OUlmM1JSNGRmZ0oyQUhlTDcyWk1B?oc=5\" target=\"_blank\" rel=\"nofollow noopener\">Mayer et Puljuj\u00e4rvi font la diff\u00e9rence<\/a>&nbsp;&nbsp;Gen\u00e8ve-Servette Hockey<a href=\"https:\/\/news.google.com\/rss\/articles\/CBMikgFBVV95cUxObl9QbFhnejZ6MnJJYUdjR1gzV3o5T01uaHJMVVRCMUU5VXdBOU56TV83a2tOXzhvU2l3U0NFU0lGejNhcDZmaURyYUZKT0JZbllhOXRXaXJFRFdmczZwbmFLaXNZNzNfZ0oxUzdCb3l4NDdEYXQxclkxSlVsdjJwNl9VaGN4Nlk0bXh4SWk4dk5kZw?oc=5\" target=\"_blank\" rel=\"nofollow noopener\">Une seule r\u00e9ussite condamne le HC Ajoie ce jeudi soir<\/a>&nbsp;&nbsp;Le Quotidien Jurassien<a href=\"https:\/\/news.google.com\/rss\/articles\/CBMiowFBVV95cUxQTW1UMU5VZTRCbnY2Ulc1d1NWRklJdTdPam1lUWE1eERjcnlWd29nd3VGVlQtSHhuMVZMYWJPbHlsRUVlMjVNWF9oMTFXVnlzY2tkWWxzTlZ5NVFST3VUM0QwdDN5U1RjZm5ZS3MzbEUzdVYzQ3FadVdpaEpoZHFuLU9STGdqR2FONE9McFNPbDM0YVlrdVJqMUZlSmRpTWtrVUhF?oc=5\" target=\"_blank\" rel=\"nofollow noopener\">PR\u00c9PARATION \u2013 Gen\u00e8ve vs Ajoie: Mayer verrouille, Puljuj\u00e4rvi d\u00e9livre les Aigles<\/a>&nbsp;&nbsp;Plan\u00e8te Hockey<a href=\"https:\/\/news.google.com\/rss\/articles\/CBMifEFVX3lxTFBqRTl3S0ZEWHkxOWRaTWZLdTA2YzZBbHlScHlxMG8tUWdqMUwwMjRUV3ZzN3plNTFXN0VTVWJPUG5VM0p5aXJsMHM2RmctenVpN0E4ejdpZmlNZlhxelkzRU9TTTcydi1kc0NFcEJzRjI0YnNFVGdvaVduS1c?oc=5\" target=\"_blank\" rel=\"nofollow noopener\">L\u2019avant-match : GSHC vs HCA<\/a>&nbsp;&nbsp;Gen\u00e8ve-Servette Hockey<\/p>\n","protected":false},"excerpt":{"rendered":"Le HCA battu sur le fil&nbsp;&nbsp;RFJMayer et Puljuj\u00e4rvi font la diff\u00e9rence&nbsp;&nbsp;Gen\u00e8ve-Servette HockeyUne seule r\u00e9ussite condamne le HC Ajoie&hellip;\n","protected":false},"author":2,"featured_media":283842,"comment_status":"","ping_status":"","sticky":false,"template":"","format":"standard","meta":{"footnotes":"","_share_on_mastodon":"0"},"categories":[8],"tags":[121,124,128,119,122,123,118,136,132,131,133,130,135,120,126,117,125,114,115,116,75,23,129,127,134],"class_list":["post-283841","post","type-post","status-publish","format-standard","has-post-thumbnail","category-sports","tag-ajoie","tag-animation","tag-bienne","tag-delemont","tag-franches-montagnes","tag-frequence","tag-jura","tag-jura-bernois","tag-la-chaux-de-fonds","tag-moutier","tag-neuchatel","tag-neuveville","tag-payerne","tag-porrentruy","tag-publicite","tag-radio","tag-redaction","tag-rfj","tag-rjb","tag-rtn","tag-sports","tag-suisse","tag-tavannes","tag-vallon-de-st-imier","tag-yverdon"],"share_on_mastodon":{"url":"https:\/\/pubeurope.com\/@ch_fr\/117188234337268848","error":""},"_links":{"self":[{"href":"https:\/\/www.europesays.com\/ch-fr\/wp-json\/wp\/v2\/posts\/283841","targetHints":{"allow":["GET"]}}],"collection":[{"href":"https:\/\/www.europesays.com\/ch-fr\/wp-json\/wp\/v2\/posts"}],"about":[{"href":"https:\/\/www.europesays.com\/ch-fr\/wp-json\/wp\/v2\/types\/post"}],"author":[{"embeddable":true,"href":"https:\/\/www.europesays.com\/ch-fr\/wp-json\/wp\/v2\/users\/2"}],"replies":[{"embeddable":true,"href":"https:\/\/www.europesays.com\/ch-fr\/wp-json\/wp\/v2\/comments?post=283841"}],"version-history":[{"count":0,"href":"https:\/\/www.europesays.com\/ch-fr\/wp-json\/wp\/v2\/posts\/283841\/revisions"}],"wp:featuredmedia":[{"embeddable":true,"href":"https:\/\/www.europesays.com\/ch-fr\/wp-json\/wp\/v2\/media\/283842"}],"wp:attachment":[{"href":"https:\/\/www.europesays.com\/ch-fr\/wp-json\/wp\/v2\/media?parent=283841"}],"wp:term":[{"taxonomy":"category","embeddable":true,"href":"https:\/\/www.europesays.com\/ch-fr\/wp-json\/wp\/v2\/categories?post=283841"},{"taxonomy":"post_tag","embeddable":true,"href":"https:\/\/www.europesays.com\/ch-fr\/wp-json\/wp\/v2\/tags?post=283841"}],"curies":[{"name":"wp","href":"https:\/\/api.w.org\/{rel}","templated":true}]}}