{"id":283861,"date":"2026-08-31T04:49:08","date_gmt":"2026-08-31T04:49:08","guid":{"rendered":"https:\/\/www.europesays.com\/ch-fr\/283861\/"},"modified":"2026-08-31T04:49:08","modified_gmt":"2026-08-31T04:49:08","slug":"une-40e-braderie-magnifique","status":"publish","type":"post","link":"https:\/\/www.europesays.com\/ch-fr\/283861\/","title":{"rendered":"Une 40e Braderie \u00ab magnifique \u00bb"},"content":{"rendered":"<p>\u00a0<\/p>\n<p>\u00ab C\u2019\u00e9tait une magnifique \u00e9dition \u00bb, les mots du vice-pr\u00e9sident du comit\u00e9 d\u2019organisation de la Braderie. La manifestation de Porrentruy se termine dans la nuit de dimanche \u00e0 lundi, \u00e0 1h. Mais il est d\u00e9j\u00e0 temps de dresser le bilan de l\u2019\u00e9v\u00e9nement qui a attir\u00e9 pr\u00e8s de 75&rsquo;000 personnes depuis vendredi matin 9h. Une affluence un peu\u00a0en dessous des pr\u00e9c\u00e9dentes \u00e9ditions. Le commissaire de la police municipale, Dominique Vallat, note que l\u2019absence de feu d\u2019artifice, annul\u00e9 \u00e0 cause de la s\u00e9cheresse, explique cette affluence en retrait, alors que le record s\u2019affiche \u00e0 80&rsquo;000 visiteurs.<\/p>\n<p>\u00c0 la place du feu d\u2019artifice, un show laser a \u00e9t\u00e9 projet\u00e9 sur la Tour R\u00e9fous. Le ch\u00e2teau \u00e9tait aussi \u00e9clair\u00e9. \u00ab J\u2019ai trouv\u00e9 magnifique \u00bb, s\u2019extasie le vice-pr\u00e9sident. Dominique Vallat cite \u00e9galement le cort\u00e8ge du dimanche apr\u00e8s-midi, comme temps fort. \u00ab Le canon \u00e0 confettis a \u00e9t\u00e9 beaucoup appr\u00e9ci\u00e9 \u00bb, esquisse avec malice le policier. Il revient aussi sur les nombreux concerts propos\u00e9s gratuitement lors de la manifestation, notamment le show de Sim\u2019s : \u00ab Il a mis toute la population en feu ! \u00bb Le rappeur bruntrutain \u00e9tait de retour sur la Grande sc\u00e8ne 26 ans apr\u00e8s un premier concert \u00e0 la Braderie.<\/p>\n<p>\u00a0<\/p>\n<p>Deux bless\u00e9s suite \u00e0 des altercations<\/p>\n<p>D\u2019un point de vue s\u00e9curitaire, deux bagarres ont \u00e9clat\u00e9 en soir\u00e9e le vendredi et le samedi. Ces altercations ont conduit \u00e0 chaque fois \u00e0 l\u2019hospitalisation d\u2019une victime. Par ailleurs, le bilan sanitaire et s\u00e9curitaire est positif, selon le commissaire de la police municipale. \u00ab Nous n\u2019avons pas eu de cambriolages, de vols annonc\u00e9s, de gros cas sanitaires annonc\u00e9s, quelques petits bobos ici et l\u00e0, mais c\u2019est tr\u00e8s satisfaisant \u00bb, conclut-il. \/ncp<\/p>\n","protected":false},"excerpt":{"rendered":"\u00a0 \u00ab C\u2019\u00e9tait une magnifique \u00e9dition \u00bb, les mots du vice-pr\u00e9sident du comit\u00e9 d\u2019organisation de la Braderie. La&hellip;\n","protected":false},"author":2,"featured_media":283862,"comment_status":"","ping_status":"","sticky":false,"template":"","format":"standard","meta":{"footnotes":"","_share_on_mastodon":"0"},"categories":[3],"tags":[121,124,128,119,122,123,118,136,132,131,133,130,135,120,126,117,125,114,115,116,23,129,127,134],"class_list":["post-283861","post","type-post","status-publish","format-standard","has-post-thumbnail","category-suisse","tag-ajoie","tag-animation","tag-bienne","tag-delemont","tag-franches-montagnes","tag-frequence","tag-jura","tag-jura-bernois","tag-la-chaux-de-fonds","tag-moutier","tag-neuchatel","tag-neuveville","tag-payerne","tag-porrentruy","tag-publicite","tag-radio","tag-redaction","tag-rfj","tag-rjb","tag-rtn","tag-suisse","tag-tavannes","tag-vallon-de-st-imier","tag-yverdon"],"share_on_mastodon":{"url":"https:\/\/pubeurope.com\/@ch_fr\/117188320636859094","error":""},"_links":{"self":[{"href":"https:\/\/www.europesays.com\/ch-fr\/wp-json\/wp\/v2\/posts\/283861","targetHints":{"allow":["GET"]}}],"collection":[{"href":"https:\/\/www.europesays.com\/ch-fr\/wp-json\/wp\/v2\/posts"}],"about":[{"href":"https:\/\/www.europesays.com\/ch-fr\/wp-json\/wp\/v2\/types\/post"}],"author":[{"embeddable":true,"href":"https:\/\/www.europesays.com\/ch-fr\/wp-json\/wp\/v2\/users\/2"}],"replies":[{"embeddable":true,"href":"https:\/\/www.europesays.com\/ch-fr\/wp-json\/wp\/v2\/comments?post=283861"}],"version-history":[{"count":0,"href":"https:\/\/www.europesays.com\/ch-fr\/wp-json\/wp\/v2\/posts\/283861\/revisions"}],"wp:featuredmedia":[{"embeddable":true,"href":"https:\/\/www.europesays.com\/ch-fr\/wp-json\/wp\/v2\/media\/283862"}],"wp:attachment":[{"href":"https:\/\/www.europesays.com\/ch-fr\/wp-json\/wp\/v2\/media?parent=283861"}],"wp:term":[{"taxonomy":"category","embeddable":true,"href":"https:\/\/www.europesays.com\/ch-fr\/wp-json\/wp\/v2\/categories?post=283861"},{"taxonomy":"post_tag","embeddable":true,"href":"https:\/\/www.europesays.com\/ch-fr\/wp-json\/wp\/v2\/tags?post=283861"}],"curies":[{"name":"wp","href":"https:\/\/api.w.org\/{rel}","templated":true}]}}