{"id":283913,"date":"2026-08-31T05:42:10","date_gmt":"2026-08-31T05:42:10","guid":{"rendered":"https:\/\/www.europesays.com\/ch-fr\/283913\/"},"modified":"2026-08-31T05:42:10","modified_gmt":"2026-08-31T05:42:10","slug":"mas-remporte-la-9e-etape-et-conforte-son-maillot-rouge-2","status":"publish","type":"post","link":"https:\/\/www.europesays.com\/ch-fr\/283913\/","title":{"rendered":"Mas remporte la 9e \u00e9tape et conforte son maillot rouge"},"content":{"rendered":"<p class=\"wysiwyg-h2\">Enric Mas a confirm\u00e9 son statut de leader du classement g\u00e9n\u00e9ral en s&rsquo;imposant au sommet de l&rsquo;Alto de Aitana dimanche lors de la 9e \u00e9tape du Tour d&rsquo;Espagne.<\/p>\n<p>L&rsquo;Espagnol a h\u00e9rit\u00e9 du maillot rouge samedi apr\u00e8s la chute et l&rsquo;abandon de Tadej Pogacar.<\/p>\n<p>Ag\u00e9 de 31 ans, le grimpeur de la Movistar a attaqu\u00e9 \u00e0 trois kilom\u00e8tres de l&rsquo;arriv\u00e9e et a devanc\u00e9 sur le fil le Britannique Oscar Onley, alors que le Slov\u00e8ne Primoz Roglic a termin\u00e9 3e \u00e0 12\u00a0\u00bb. Huit ans apr\u00e8s sa premi\u00e8re victoire dans la Vuelta, il confirme qu&rsquo;il est le nouveau patron apr\u00e8s la m\u00e9saventure de Tadej Pogacar.<\/p>\n<p>L&rsquo;Autrichien Felix Gall, qui a fait rouler son \u00e9quipe Decathlon CMA CGM au pied de la derni\u00e8re ascension du jour, l&rsquo;Alto de Aitana (22 km \u00e0 5,8%), n&rsquo;a pas r\u00e9ussi \u00e0 d\u00e9cramponner ses adversaires et a termin\u00e9 4e \u00e0 18\u00a0\u00bb. Le principal perdant du jour est l&rsquo;Am\u00e9ricain de la Visma Sepp Kuss, vainqueur de la Vuelta en 2023, qui a perdu 1&rsquo;44 sur Mas et Onley.<\/p>\n<p>Parti seul \u00e0 un peu plus de 10 kilom\u00e8tres de l&rsquo;arriv\u00e9e, le Fran\u00e7ais Pavel Sivakov, membre d&rsquo;une \u00e9chapp\u00e9e initiale de 24 coureurs (parmi lesquels le Thurgovien Stefan K\u00fcng), a \u00e9t\u00e9 le dernier des fuyards repris par les hommes forts du classement g\u00e9n\u00e9ral \u00e0 4,5 kilom\u00e8tres du sommet.<\/p>\n<p>Repos lundi<\/p>\n<p>Au g\u00e9n\u00e9ral, Enric Mas compte d\u00e9sormais 1&rsquo;18 d&rsquo;avance sur Primoz Roglic (2e) et 1&rsquo;39 sur Felix Gall (3e), alors qu&rsquo;Oscar Onley est 4e \u00e0 2&rsquo;20. Lundi, les coureurs b\u00e9n\u00e9ficieront de leur premi\u00e8re journ\u00e9e de repos, avant une \u00e9tape accident\u00e9e mardi en direction d&rsquo;Elche de la Sierra.<\/p>\n<p> \/ATS<\/p>\n","protected":false},"excerpt":{"rendered":"Enric Mas a confirm\u00e9 son statut de leader du classement g\u00e9n\u00e9ral en s&rsquo;imposant au sommet de l&rsquo;Alto de&hellip;\n","protected":false},"author":2,"featured_media":283914,"comment_status":"","ping_status":"","sticky":false,"template":"","format":"standard","meta":{"footnotes":"","_share_on_mastodon":"0"},"categories":[8],"tags":[121,124,128,119,122,123,118,136,132,131,133,130,135,120,126,117,125,114,115,116,75,23,129,127,134],"class_list":["post-283913","post","type-post","status-publish","format-standard","has-post-thumbnail","category-sports","tag-ajoie","tag-animation","tag-bienne","tag-delemont","tag-franches-montagnes","tag-frequence","tag-jura","tag-jura-bernois","tag-la-chaux-de-fonds","tag-moutier","tag-neuchatel","tag-neuveville","tag-payerne","tag-porrentruy","tag-publicite","tag-radio","tag-redaction","tag-rfj","tag-rjb","tag-rtn","tag-sports","tag-suisse","tag-tavannes","tag-vallon-de-st-imier","tag-yverdon"],"share_on_mastodon":{"url":"https:\/\/pubeurope.com\/@ch_fr\/117188528992189341","error":""},"_links":{"self":[{"href":"https:\/\/www.europesays.com\/ch-fr\/wp-json\/wp\/v2\/posts\/283913","targetHints":{"allow":["GET"]}}],"collection":[{"href":"https:\/\/www.europesays.com\/ch-fr\/wp-json\/wp\/v2\/posts"}],"about":[{"href":"https:\/\/www.europesays.com\/ch-fr\/wp-json\/wp\/v2\/types\/post"}],"author":[{"embeddable":true,"href":"https:\/\/www.europesays.com\/ch-fr\/wp-json\/wp\/v2\/users\/2"}],"replies":[{"embeddable":true,"href":"https:\/\/www.europesays.com\/ch-fr\/wp-json\/wp\/v2\/comments?post=283913"}],"version-history":[{"count":0,"href":"https:\/\/www.europesays.com\/ch-fr\/wp-json\/wp\/v2\/posts\/283913\/revisions"}],"wp:featuredmedia":[{"embeddable":true,"href":"https:\/\/www.europesays.com\/ch-fr\/wp-json\/wp\/v2\/media\/283914"}],"wp:attachment":[{"href":"https:\/\/www.europesays.com\/ch-fr\/wp-json\/wp\/v2\/media?parent=283913"}],"wp:term":[{"taxonomy":"category","embeddable":true,"href":"https:\/\/www.europesays.com\/ch-fr\/wp-json\/wp\/v2\/categories?post=283913"},{"taxonomy":"post_tag","embeddable":true,"href":"https:\/\/www.europesays.com\/ch-fr\/wp-json\/wp\/v2\/tags?post=283913"}],"curies":[{"name":"wp","href":"https:\/\/api.w.org\/{rel}","templated":true}]}}