{"id":283979,"date":"2026-08-31T06:41:12","date_gmt":"2026-08-31T06:41:12","guid":{"rendered":"https:\/\/www.europesays.com\/ch-fr\/283979\/"},"modified":"2026-08-31T06:41:12","modified_gmt":"2026-08-31T06:41:12","slug":"de-los-angeles-a-rome-en-passant-par-dakar-cette-eclipse-lunaire-a-donne-lieu-a-de-belles-images","status":"publish","type":"post","link":"https:\/\/www.europesays.com\/ch-fr\/283979\/","title":{"rendered":"De Los Angeles \u00e0 Rome, en passant par Dakar, cette \u00e9clipse lunaire a donn\u00e9 lieu \u00e0 de belles images"},"content":{"rendered":"<p class=\"mb-4 text-lg md:leading-8 break-words\">Un spectacle lunaire. Apr\u00e8s <a data-ylk=\"slk:l&#039;\u00e9clipse solaire du 12\u00a0ao\u00fbt;elm:context_link;itc:0;sec:content-canvas;cpos:1;pos:1;\" data-yga=\"{&quot;yLinkElement&quot;:&quot;link&quot;,&quot;yLinkElementType&quot;:&quot;article_link&quot;}\" href=\"https:\/\/www.huffingtonpost.fr\/international\/video\/en-espagne-l-eclipse-totale-du-soleil-donne-lieu-a-des-images-stupefiantes_304196.html\" class=\"link\" rel=\"noopener noreferrer nofollow\" target=\"_blank\">l&rsquo;\u00e9clipse solaire du 12\u00a0ao\u00fbt<\/a>, une <a data-ylk=\"slk:\u00e9clipse lunaire partielle;elm:context_link;itc:0;sec:content-canvas;cpos:2;pos:1;\" data-yga=\"{&quot;yLinkElement&quot;:&quot;link&quot;,&quot;yLinkElementType&quot;:&quot;article_link&quot;}\" href=\"https:\/\/www.huffingtonpost.fr\/france\/article\/une-eclipse-va-faire-disparaitre-96-de-la-lune-ce-vendredi-au-petit-matin_313108.html\" class=\"link\" rel=\"noopener noreferrer nofollow\" target=\"_blank\">\u00e9clipse lunaire partielle<\/a> a \u00e9t\u00e9 observable dans le ciel dans la nuit du 27\u00a0au 28\u00a0ao\u00fbt. Ce ph\u00e9nom\u00e8ne se produit lorsque la Terre se place entre <a data-ylk=\"slk:le Soleil et la Lune;elm:context_link;itc:0;sec:content-canvas;cpos:3;pos:1;\" data-yga=\"{&quot;yLinkElement&quot;:&quot;link&quot;,&quot;yLinkElementType&quot;:&quot;article_link&quot;}\" href=\"https:\/\/www.huffingtonpost.fr\/international\/article\/les-images-spectaculaires-de-l-eclipse-solaire-de-ce-mercredi-12-aout_304064.html\" class=\"link\" rel=\"noopener noreferrer nofollow\" target=\"_blank\">le Soleil et la Lune<\/a>. En raison de cet alignement, la Lune se retrouve dans l&rsquo;ombre de la Terre et devient alors plus sombre. Cette ann\u00e9e 96,2\u00a0% de la surface de la Lune a \u00e9t\u00e9 assombrie.<\/p>\n<p class=\"mb-4 text-lg md:leading-8 break-words\">Le ph\u00e9nom\u00e8ne \u00e9tait observable sur plusieurs continents, comme vous pouvez le voir dans la vid\u00e9o en t\u00eate d&rsquo;article. L&rsquo;Am\u00e9rique du Nord et du Sud ont eu les meilleures conditions, mais il \u00e9tait aussi visible au lever du jour en Europe et en Afrique.<\/p>\n<p class=\"mb-4 text-lg md:leading-8 break-words\"><a data-ylk=\"slk:Envie de revivre une \u00e9clipse solaire totale\u00a0? Vous n&#039;avez pas forc\u00e9ment \u00e0 attendre jusqu&#039;en 2081;elm:context_link;itc:0;sec:content-canvas;cpos:4;pos:1;\" data-yga=\"{&quot;yLinkElement&quot;:&quot;link&quot;,&quot;yLinkElementType&quot;:&quot;article_link&quot;}\" href=\"https:\/\/www.huffingtonpost.fr\/science\/article\/envie-de-revivre-une-eclipse-solaire-totale-vous-n-avez-pas-forcement-a-attendre-jusqu-en-2081-clx1_304232.html\" class=\"link\" rel=\"noopener noreferrer nofollow\" target=\"_blank\">Envie de revivre une \u00e9clipse solaire totale\u00a0? Vous n&rsquo;avez pas forc\u00e9ment \u00e0 attendre jusqu&rsquo;en 2081<\/a><\/p>\n<p class=\"mb-4 text-lg md:leading-8 break-words\">La Lune n&rsquo;a pas disparu comme lors d&rsquo;une \u00e9clipse solaire, mais a rev\u00eatu une teinte rouge orang\u00e9e. Cette couleur s&rsquo;explique par le m\u00eame ph\u00e9nom\u00e8ne que lors d&rsquo;un<a data-ylk=\"slk: coucher de Soleil;elm:context_link;itc:0;sec:content-canvas;cpos:5;pos:1;\" data-yga=\"{&quot;yLinkElement&quot;:&quot;link&quot;,&quot;yLinkElementType&quot;:&quot;article_link&quot;}\" href=\"https:\/\/www.huffingtonpost.fr\/medias\/article\/le-journal-britannique-the-sun-n-aurait-pas-pu-mieux-illustrer-l-eclipse-solaire_304361.html\" class=\"link\" rel=\"noopener noreferrer nofollow\" target=\"_blank\"> coucher de Soleil<\/a>\u00a0: la lumi\u00e8re du Soleil traverse l&rsquo;atmosph\u00e8re terrestre, qui disperse davantage la lumi\u00e8re bleue et laisse passer une plus grande partie des teintes rouges et orang\u00e9es. Ces rayons atteignent ensuite la Lune, lui donnant sa couleur cuivr\u00e9e.<\/p>\n<p class=\"mb-4 text-lg md:leading-8 break-words\">Contrairement \u00e0 une \u00e9clipse solaire, la Lune n&rsquo;\u00e9met pas de lumi\u00e8re et ne risque donc pas<a data-ylk=\"slk: d&#039;endommager la r\u00e9tine;elm:context_link;itc:0;sec:content-canvas;cpos:6;pos:1;\" data-yga=\"{&quot;yLinkElement&quot;:&quot;link&quot;,&quot;yLinkElementType&quot;:&quot;article_link&quot;}\" href=\"https:\/\/www.huffingtonpost.fr\/sante\/article\/apres-l-eclipse-solaire-voici-les-symptomes-qui-doivent-vous-inciter-a-consulter_304394.html\" class=\"link\" rel=\"noopener noreferrer nofollow\" target=\"_blank\"> d&rsquo;endommager la r\u00e9tine<\/a>. Il \u00e9tait donc possible de profiter du spectacle sans lunettes et m\u00eame de sortir les jumelles. Le ph\u00e9nom\u00e8ne n&rsquo;est pas rare, la prochaine \u00e9clipse lunaire aura lieu en f\u00e9vrier\u00a02027, mais pour qu&rsquo;elle soit visible depuis la France, il faudra attendre janvier\u00a02028.<\/p>\n<p class=\"mb-4 text-lg md:leading-8 break-words\"><a data-ylk=\"slk:M\u00e9t\u00e9o-France a publi\u00e9 sa liste de noms pour les temp\u00eates \u00e0 venir, et votre pr\u00e9nom pourrait en faire partie;elm:context_link;itc:0;sec:content-canvas;cpos:7;pos:1;\" data-yga=\"{&quot;yLinkElement&quot;:&quot;link&quot;,&quot;yLinkElementType&quot;:&quot;article_link&quot;}\" href=\"https:\/\/www.huffingtonpost.fr\/france\/article\/meteo-france-a-publie-sa-liste-de-noms-pour-les-tempetes-a-venir-et-votre-prenom-pourrait-en-faire-partie_313865.html\" class=\"link\" rel=\"noopener noreferrer nofollow\" target=\"_blank\">M\u00e9t\u00e9o-France a publi\u00e9 sa liste de noms pour les temp\u00eates \u00e0 venir, et votre pr\u00e9nom pourrait en faire partie<\/a><\/p>\n<p class=\"mb-4 text-lg md:leading-8 break-words\"><a data-ylk=\"slk:Oreogate\u00a0: pourquoi tout internet veut donner des biscuits Oreo \u00e0 la petite Ava (qui n&#039;existe probablement pas);elm:context_link;itc:0;sec:content-canvas;cpos:8;pos:1;\" data-yga=\"{&quot;yLinkElement&quot;:&quot;link&quot;,&quot;yLinkElementType&quot;:&quot;article_link&quot;}\" href=\"https:\/\/www.huffingtonpost.fr\/life\/article\/oreogate-pourquoi-tout-internet-veut-donner-des-biscuits-oreo-a-la-petite-ava-qui-n-existe-probablement-pas_312482.html\" class=\"link\" rel=\"noopener noreferrer nofollow\" target=\"_blank\">Oreogate\u00a0: pourquoi tout internet veut donner des biscuits Oreo \u00e0 la petite Ava (qui n&rsquo;existe probablement pas)<\/a><\/p>\n","protected":false},"excerpt":{"rendered":"Un spectacle lunaire. Apr\u00e8s l&rsquo;\u00e9clipse solaire du 12\u00a0ao\u00fbt, une \u00e9clipse lunaire partielle a \u00e9t\u00e9 observable dans le ciel&hellip;\n","protected":false},"author":2,"featured_media":283980,"comment_status":"","ping_status":"","sticky":false,"template":"","format":"standard","meta":{"footnotes":"","_share_on_mastodon":"0"},"categories":[7],"tags":[3822,61520,1754,61521,61525,19527,61526,61524,61519,61518,61522,61,57,59,58,23,60,62,61523,1758],"class_list":["post-283979","post","type-post","status-publish","format-standard","has-post-thumbnail","category-sciences-et-technologies","tag-apres","tag-ce-phenomene-se-produit-lorsque-la-terre-se","tag-cette","tag-contrairement-a-une-eclipse-solaire","tag-davantage-la-lumiere-bleue-et-laisse-passer-une","tag-eclipse-solaire","tag-grande-partie-des-teintes-rouges-et","tag-il-etait-donc","tag-lamerique-du-nord-et-du-sud","tag-lunaire-aura-lieu-en-fevrier-2027","tag-revetu-une-teinte-rouge","tag-science","tag-science-and-technology","tag-sciences","tag-sciences-et-technologies","tag-suisse","tag-technologies","tag-technology","tag-totale","tag-un"],"share_on_mastodon":{"url":"https:\/\/pubeurope.com\/@ch_fr\/117188760848591081","error":""},"_links":{"self":[{"href":"https:\/\/www.europesays.com\/ch-fr\/wp-json\/wp\/v2\/posts\/283979","targetHints":{"allow":["GET"]}}],"collection":[{"href":"https:\/\/www.europesays.com\/ch-fr\/wp-json\/wp\/v2\/posts"}],"about":[{"href":"https:\/\/www.europesays.com\/ch-fr\/wp-json\/wp\/v2\/types\/post"}],"author":[{"embeddable":true,"href":"https:\/\/www.europesays.com\/ch-fr\/wp-json\/wp\/v2\/users\/2"}],"replies":[{"embeddable":true,"href":"https:\/\/www.europesays.com\/ch-fr\/wp-json\/wp\/v2\/comments?post=283979"}],"version-history":[{"count":0,"href":"https:\/\/www.europesays.com\/ch-fr\/wp-json\/wp\/v2\/posts\/283979\/revisions"}],"wp:featuredmedia":[{"embeddable":true,"href":"https:\/\/www.europesays.com\/ch-fr\/wp-json\/wp\/v2\/media\/283980"}],"wp:attachment":[{"href":"https:\/\/www.europesays.com\/ch-fr\/wp-json\/wp\/v2\/media?parent=283979"}],"wp:term":[{"taxonomy":"category","embeddable":true,"href":"https:\/\/www.europesays.com\/ch-fr\/wp-json\/wp\/v2\/categories?post=283979"},{"taxonomy":"post_tag","embeddable":true,"href":"https:\/\/www.europesays.com\/ch-fr\/wp-json\/wp\/v2\/tags?post=283979"}],"curies":[{"name":"wp","href":"https:\/\/api.w.org\/{rel}","templated":true}]}}