{"id":284023,"date":"2026-08-31T07:27:13","date_gmt":"2026-08-31T07:27:13","guid":{"rendered":"https:\/\/www.europesays.com\/ch-fr\/284023\/"},"modified":"2026-08-31T07:27:13","modified_gmt":"2026-08-31T07:27:13","slug":"la-vie-reprend-au-musee-dhistoire-de-la-chaux-de-fonds-et-dans-le-parc-2","status":"publish","type":"post","link":"https:\/\/www.europesays.com\/ch-fr\/284023\/","title":{"rendered":"La vie reprend au Mus\u00e9e d\u2019histoire de La Chaux-de-Fonds et dans le parc"},"content":{"rendered":"<p>Samedi \u00e9tait une journ\u00e9e faste en inaugurations \u00e0 La Chaux-de-Fonds. Le parc des mus\u00e9es est \u00e0 nouveau accessible et, apr\u00e8s avoir ferm\u00e9 durant 16 mois pour des travaux de r\u00e9am\u00e9nagement, le Mus\u00e9e d\u2019histoire a rouvert ses portes. Le public n\u2019a pas manqu\u00e9 d\u2019affluer pour visiter la nouvelle exposition permanente, intitul\u00e9e \u00ab Work in Progress : Les r\u00e9volutions d\u2019une ville industrielle \u00bb. Les visiteurs sont invit\u00e9s \u00e0 remonter le temps pour explorer la fa\u00e7on dont La Chaux-de-Fonds s\u2019est d\u00e9velopp\u00e9e au fil des si\u00e8cles, jusqu\u2019\u00e0 devenir la M\u00e9tropole horlog\u00e8re moderne que l\u2019on conna\u00eet.\u00a0<\/p>\n<p>L\u2019espace est d\u00e9coup\u00e9 en plusieurs salles consacr\u00e9es \u00e0 des dates cl\u00e9s : 1848, 1917 et 1969. La derni\u00e8re pi\u00e8ce est consacr\u00e9e \u00e0 l\u2019avenir. Cr\u00e9ation de la Suisse, Premi\u00e8re Guerre mondiale et vent de libert\u00e9 apr\u00e8s mai 68 jalonnent ainsi l\u2019exposition, La Chaux-de-Fonds s\u2019inscrivant dans ces moments charni\u00e8res. \u00ab Le fil rouge de toutes ces dates et de l\u2019imaginaire de cette ville, c\u2019est l\u2019id\u00e9e de progr\u00e8s, de croissance, de d\u00e9veloppement de la ville, par l\u2019industrialisation, par l\u2019horlogerie, par le d\u00e9veloppement du bien-\u00eatre mat\u00e9riel \u00bb, explique le directeur du Mus\u00e9e d\u2019histoire, Francesco Garufo. Le progr\u00e8s a aussi ses revers sociaux et environnementaux, qui sont scrut\u00e9s de mani\u00e8re critique dans l\u2019exposition, ajoute-t-il. <\/p>\n<p>Un objet en particulier attire l\u2019attention. Les visiteurs d\u00e9couvriront ce qui pourrait bien \u00eatre la banni\u00e8re de \u00ab l\u2019une des plus anciennes soci\u00e9t\u00e9s d\u2019Italiens au monde \u00bb, selon Francesco Garufo. Cette banni\u00e8re de la Soci\u00e9t\u00e9 italienne de secours mutuel, qui date de 1850, montre la fa\u00e7on dont les immigr\u00e9s italiens s\u2019organisaient face \u00e0 la mis\u00e8re engendr\u00e9e par la r\u00e9volution industrielle. <\/p>\n<p>Cette exposition permanente a pris ses quartiers dans le sous-sol du mus\u00e9e. Le public devra encore patienter une ann\u00e9e avant de d\u00e9couvrir l\u2019exposition temporaire consacr\u00e9e \u00e0 la musique \u00e0 La Chaux-de-Fonds, dans les hauteurs du b\u00e2timent. <\/p>\n<p>Un parc et un caf\u00e9 \u00e0 disposition du public<\/p>\n<p>Les nouveaut\u00e9s n\u2019\u00e9taient pas confin\u00e9es \u00e0 l\u2019int\u00e9rieur du Mus\u00e9e d\u2019histoire samedi. Le public \u00e9tait \u00e9galement convi\u00e9 \u00e0 tester le nouveau caf\u00e9 \u00ab qui servira de porte d\u2019entr\u00e9e vers les mus\u00e9es \u00bb, selon Francesco Garufo, le Mus\u00e9e d\u2019histoire partageant les lieux avec le Mus\u00e9e international d\u2019horlogerie (MIH) et le Mus\u00e9e des Beaux-Arts. L\u2019\u00e9tablissement dispose d\u2019une terrasse qui \u00e9tait remplie d\u00e8s ses premi\u00e8res heures d\u2019ouverture. \u00ab C\u2019est une tr\u00e8s belle initiative d\u2019avoir cr\u00e9\u00e9 une terrasse \u00bb, estime Jeanine, install\u00e9e \u00e0 l\u2019une des tables samedi apr\u00e8s-midi. Basile \u00e9tait quant \u00e0 lui heureux de savourer une boisson au soleil apr\u00e8s avoir contribu\u00e9 \u00e0 la cr\u00e9ation des vitrines du mus\u00e9e et des panneaux en bois par le biais de son travail de menuisier. <\/p>\n<p>Le parc des mus\u00e9es a lui aussi rouvert au public \u00e0 cette occasion, m\u00eame si les travaux ne sont pas encore achev\u00e9s. Des arbres seront plant\u00e9s cet automne, de m\u00eame que le gazon, selon Francesco Garufo. Pour l\u2019heure, une des deux places de jeux pr\u00e9vues est op\u00e9rationnelle, tout comme la liaison qui a \u00e9t\u00e9 cr\u00e9\u00e9e entre le Mus\u00e9e d\u2019histoire et le MIH. \/sbm <\/p>\n","protected":false},"excerpt":{"rendered":"Samedi \u00e9tait une journ\u00e9e faste en inaugurations \u00e0 La Chaux-de-Fonds. Le parc des mus\u00e9es est \u00e0 nouveau accessible&hellip;\n","protected":false},"author":2,"featured_media":284024,"comment_status":"","ping_status":"","sticky":false,"template":"","format":"standard","meta":{"footnotes":"","_share_on_mastodon":"0"},"categories":[3],"tags":[121,124,128,119,122,123,118,136,132,131,133,130,135,120,126,117,125,114,115,116,23,129,127,134],"class_list":["post-284023","post","type-post","status-publish","format-standard","has-post-thumbnail","category-suisse","tag-ajoie","tag-animation","tag-bienne","tag-delemont","tag-franches-montagnes","tag-frequence","tag-jura","tag-jura-bernois","tag-la-chaux-de-fonds","tag-moutier","tag-neuchatel","tag-neuveville","tag-payerne","tag-porrentruy","tag-publicite","tag-radio","tag-redaction","tag-rfj","tag-rjb","tag-rtn","tag-suisse","tag-tavannes","tag-vallon-de-st-imier","tag-yverdon"],"share_on_mastodon":{"url":"https:\/\/pubeurope.com\/@ch_fr\/117188942086509730","error":""},"_links":{"self":[{"href":"https:\/\/www.europesays.com\/ch-fr\/wp-json\/wp\/v2\/posts\/284023","targetHints":{"allow":["GET"]}}],"collection":[{"href":"https:\/\/www.europesays.com\/ch-fr\/wp-json\/wp\/v2\/posts"}],"about":[{"href":"https:\/\/www.europesays.com\/ch-fr\/wp-json\/wp\/v2\/types\/post"}],"author":[{"embeddable":true,"href":"https:\/\/www.europesays.com\/ch-fr\/wp-json\/wp\/v2\/users\/2"}],"replies":[{"embeddable":true,"href":"https:\/\/www.europesays.com\/ch-fr\/wp-json\/wp\/v2\/comments?post=284023"}],"version-history":[{"count":0,"href":"https:\/\/www.europesays.com\/ch-fr\/wp-json\/wp\/v2\/posts\/284023\/revisions"}],"wp:featuredmedia":[{"embeddable":true,"href":"https:\/\/www.europesays.com\/ch-fr\/wp-json\/wp\/v2\/media\/284024"}],"wp:attachment":[{"href":"https:\/\/www.europesays.com\/ch-fr\/wp-json\/wp\/v2\/media?parent=284023"}],"wp:term":[{"taxonomy":"category","embeddable":true,"href":"https:\/\/www.europesays.com\/ch-fr\/wp-json\/wp\/v2\/categories?post=284023"},{"taxonomy":"post_tag","embeddable":true,"href":"https:\/\/www.europesays.com\/ch-fr\/wp-json\/wp\/v2\/tags?post=284023"}],"curies":[{"name":"wp","href":"https:\/\/api.w.org\/{rel}","templated":true}]}}